{"id":363641,"date":"2026-05-01T10:09:45","date_gmt":"2026-05-01T13:09:45","guid":{"rendered":"http:\/\/www.noticiasdelparana.com.ar\/NuevaEdicion\/?p=363641"},"modified":"2026-05-01T10:09:50","modified_gmt":"2026-05-01T13:09:50","slug":"charata-siniestro-vial-en-ruta-89-deja-una-persona-fallecida","status":"publish","type":"post","link":"http:\/\/www.noticiasdelparana.com.ar\/NuevaEdicion\/2026\/05\/01\/charata-siniestro-vial-en-ruta-89-deja-una-persona-fallecida\/","title":{"rendered":"CHARATA: Siniestro Vial En Ruta 89 Deja Una Persona Fallecida"},"content":{"rendered":"\n<p><\/p>\n\n\n\n<p><\/p>\n\n\n\n<p>El hecho ocurri\u00f3 alrededor de las 7:45. Personal de la Comisar\u00eda Segunda acudi\u00f3 al lugar y constat\u00f3 la participaci\u00f3n de un cami\u00f3n marca Mercedes Benz, tipo jaula, conducido por un hombre de 45 a\u00f1os, identificado como F. J. G., domiciliado en la localidad de Makall\u00e9.De acuerdo a las primeras informaciones recabadas en el lugar, el veh\u00edculo habr\u00eda embestido a una mujer que se encontraba al costado de la calzada, por causas que a\u00fan se investigan.<\/p>\n\n\n\n<p>Minutos despu\u00e9s arrib\u00f3 una ambulancia del hospital local, cuyos profesionales confirmaron el fallecimiento de la v\u00edctima en el lugar del hecho.Interviene en la causa el fiscal de Investigaci\u00f3n Penal N\u00b0 1, Dr. Gabriel Omar del Balzo, quien dispuso la preservaci\u00f3n de la escena para el trabajo del perito oficial y la realizaci\u00f3n de las diligencias correspondientes.<\/p>\n\n\n\n<p>En el operativo tambi\u00e9n estuvieron presentes autoridades policiales de la zona. La investigaci\u00f3n contin\u00faa con el objetivo de esclarecer las circunstancias en las que se produjo el tr\u00e1gico episodio.<\/p>\n","protected":false},"excerpt":{"rendered":"<p>01-May-26.Un fatal siniestro vial se registr\u00f3 en la ma\u00f1ana de este viernes 1 de mayo de 2026 sobre la Ruta Nacional N\u00b0 89, a la altura del kil\u00f3metro 253, en jurisdicci\u00f3n de Charata, donde una mujer perdi\u00f3 la vida tras ser atropellada por un cami\u00f3n.<\/p>\n","protected":false},"author":3,"featured_media":363642,"comment_status":"closed","ping_status":"closed","sticky":false,"template":"","format":"standard","meta":[],"categories":[108,103],"tags":[],"_links":{"self":[{"href":"http:\/\/www.noticiasdelparana.com.ar\/NuevaEdicion\/wp-json\/wp\/v2\/posts\/363641"}],"collection":[{"href":"http:\/\/www.noticiasdelparana.com.ar\/NuevaEdicion\/wp-json\/wp\/v2\/posts"}],"about":[{"href":"http:\/\/www.noticiasdelparana.com.ar\/NuevaEdicion\/wp-json\/wp\/v2\/types\/post"}],"author":[{"embeddable":true,"href":"http:\/\/www.noticiasdelparana.com.ar\/NuevaEdicion\/wp-json\/wp\/v2\/users\/3"}],"replies":[{"embeddable":true,"href":"http:\/\/www.noticiasdelparana.com.ar\/NuevaEdicion\/wp-json\/wp\/v2\/comments?post=363641"}],"version-history":[{"count":1,"href":"http:\/\/www.noticiasdelparana.com.ar\/NuevaEdicion\/wp-json\/wp\/v2\/posts\/363641\/revisions"}],"predecessor-version":[{"id":363643,"href":"http:\/\/www.noticiasdelparana.com.ar\/NuevaEdicion\/wp-json\/wp\/v2\/posts\/363641\/revisions\/363643"}],"wp:featuredmedia":[{"embeddable":true,"href":"http:\/\/www.noticiasdelparana.com.ar\/NuevaEdicion\/wp-json\/wp\/v2\/media\/363642"}],"wp:attachment":[{"href":"http:\/\/www.noticiasdelparana.com.ar\/NuevaEdicion\/wp-json\/wp\/v2\/media?parent=363641"}],"wp:term":[{"taxonomy":"category","embeddable":true,"href":"http:\/\/www.noticiasdelparana.com.ar\/NuevaEdicion\/wp-json\/wp\/v2\/categories?post=363641"},{"taxonomy":"post_tag","embeddable":true,"href":"http:\/\/www.noticiasdelparana.com.ar\/NuevaEdicion\/wp-json\/wp\/v2\/tags?post=363641"}],"curies":[{"name":"wp","href":"https:\/\/api.w.org\/{rel}","templated":true}]}}