{"id":363644,"date":"2026-05-01T11:46:45","date_gmt":"2026-05-01T14:46:45","guid":{"rendered":"http:\/\/www.noticiasdelparana.com.ar\/NuevaEdicion\/?p=363644"},"modified":"2026-05-01T11:47:09","modified_gmt":"2026-05-01T14:47:09","slug":"pampa-almiron-secuestraron-dos-cargamentos-de-madera-nativa-por-irregularidades-en-la-guia-forestal","status":"publish","type":"post","link":"http:\/\/www.noticiasdelparana.com.ar\/NuevaEdicion\/2026\/05\/01\/pampa-almiron-secuestraron-dos-cargamentos-de-madera-nativa-por-irregularidades-en-la-guia-forestal\/","title":{"rendered":"PAMPA ALMIR\u00d3N: Secuestraron Dos Cargamentos De Madera Nativa Por Irregularidades En La Gu\u00eda Forestal"},"content":{"rendered":"\n<p>En el marco de operativos de prevenci\u00f3n de il\u00edcitos rurales en la zona de Colonia La Blanca, efectivos de la Comisar\u00eda de Pampa Almir\u00f3n interceptaron dos camiones que transportaban rollos de madera nativa. Tras la inspecci\u00f3n, detectaron que la documentaci\u00f3n presentada no coincid\u00eda con la trazabilidad real del producto.<\/p>\n\n\n\n<p>El hecho ocurri\u00f3 este mi\u00e9rcoles alrededor de las 18:50, sobre la Ruta Provincial N\u00b0 48, a unos 8 kil\u00f3metros del casco urbano. En ese lugar, el personal policial detuvo la marcha de dos transportes de carga: un Ford Cargo 1722 y un Mercedes-Benz, ambos procedentes de Presidencia de la Plaza.<\/p>\n\n\n\n<p>Al verificar las cargas, compuestas por especies de lapacho, urunday, timb\u00f3 colorado y quebracho blanco, los agentes constataron que ambos conductores presentaron la misma gu\u00eda forestal. Sin embargo, al analizar la trazabilidad, establecieron que la madera no proven\u00eda del predio declarado en el documento.<\/p>\n\n\n\n<p>Intervenci\u00f3n de la Direcci\u00f3n de Bosques<\/p>\n\n\n\n<p>Personal de la Direcci\u00f3n de Bosques de General San Mart\u00edn intervino en el procedimiento y procedi\u00f3 al secuestro de la madera. Los cuatro ocupantes de los veh\u00edculos fueron notificados por infracci\u00f3n a la Ley de Bosques N\u00b0 2079-R, espec\u00edficamente por el transporte de productos forestales con gu\u00edas pertenecientes a predios distintos a los declarados.<\/p>\n\n\n\n<p>Finalmente, tras las diligencias correspondientes, los veh\u00edculos fueron entregados a sus propietarios en car\u00e1cter de depositarios judiciales, mientras que la carga permanece a disposici\u00f3n del organismo de contralor ambiental.<\/p>\n","protected":false},"excerpt":{"rendered":"<p>01-May-26 Intervino personal de la Comisar\u00eda de Pampa Almir\u00f3n en un camino vecinal de la Colonia La Blanca.<\/p>\n","protected":false},"author":3,"featured_media":363645,"comment_status":"closed","ping_status":"closed","sticky":false,"template":"","format":"standard","meta":[],"categories":[103],"tags":[],"_links":{"self":[{"href":"http:\/\/www.noticiasdelparana.com.ar\/NuevaEdicion\/wp-json\/wp\/v2\/posts\/363644"}],"collection":[{"href":"http:\/\/www.noticiasdelparana.com.ar\/NuevaEdicion\/wp-json\/wp\/v2\/posts"}],"about":[{"href":"http:\/\/www.noticiasdelparana.com.ar\/NuevaEdicion\/wp-json\/wp\/v2\/types\/post"}],"author":[{"embeddable":true,"href":"http:\/\/www.noticiasdelparana.com.ar\/NuevaEdicion\/wp-json\/wp\/v2\/users\/3"}],"replies":[{"embeddable":true,"href":"http:\/\/www.noticiasdelparana.com.ar\/NuevaEdicion\/wp-json\/wp\/v2\/comments?post=363644"}],"version-history":[{"count":1,"href":"http:\/\/www.noticiasdelparana.com.ar\/NuevaEdicion\/wp-json\/wp\/v2\/posts\/363644\/revisions"}],"predecessor-version":[{"id":363646,"href":"http:\/\/www.noticiasdelparana.com.ar\/NuevaEdicion\/wp-json\/wp\/v2\/posts\/363644\/revisions\/363646"}],"wp:featuredmedia":[{"embeddable":true,"href":"http:\/\/www.noticiasdelparana.com.ar\/NuevaEdicion\/wp-json\/wp\/v2\/media\/363645"}],"wp:attachment":[{"href":"http:\/\/www.noticiasdelparana.com.ar\/NuevaEdicion\/wp-json\/wp\/v2\/media?parent=363644"}],"wp:term":[{"taxonomy":"category","embeddable":true,"href":"http:\/\/www.noticiasdelparana.com.ar\/NuevaEdicion\/wp-json\/wp\/v2\/categories?post=363644"},{"taxonomy":"post_tag","embeddable":true,"href":"http:\/\/www.noticiasdelparana.com.ar\/NuevaEdicion\/wp-json\/wp\/v2\/tags?post=363644"}],"curies":[{"name":"wp","href":"https:\/\/api.w.org\/{rel}","templated":true}]}}