{"id":363647,"date":"2026-05-01T11:53:28","date_gmt":"2026-05-01T14:53:28","guid":{"rendered":"http:\/\/www.noticiasdelparana.com.ar\/NuevaEdicion\/?p=363647"},"modified":"2026-05-01T11:53:46","modified_gmt":"2026-05-01T14:53:46","slug":"escalandrum-llega-al-litoral-con-piazzolla-74","status":"publish","type":"post","link":"http:\/\/www.noticiasdelparana.com.ar\/NuevaEdicion\/2026\/05\/01\/escalandrum-llega-al-litoral-con-piazzolla-74\/","title":{"rendered":"Escalandrum Llega Al Litoral Con &#8220;Piazzolla 74&#8221;"},"content":{"rendered":"\n<p>&nbsp;Las entradas ya est\u00e1n a la venta en las boleter\u00edas de ambos teatros y mediante las ticketeras weepas.ar (Corrientes) y butacauno.com.ar (Resistencia)<\/p>\n\n\n\n<p>Escalandrum celebra sus 27 a\u00f1os de trayectoria y sus mil conciertos en vivo con &#8220;Piazzolla 74&#8221; y llega al Litoral argentino en el mes de junio bajo producci\u00f3n de M\u00fasica Sin Etiquetas, Raffer y Galbor. Esta obra fue grabada originalmente en vivo el 21 octubre de 2024 en el teatro Col\u00f3n de Buenos Aires por Daniel \u201cPipi\u201d Piazzolla en bater\u00eda; Nicol\u00e1s Guerschberg en piano y arreglos; Mariano S\u00edvori en contrabajo; Gustavo Musso en saxo alto; Dami\u00e1n Fogiel en saxo tenor; Mart\u00edn Pantyrer en clarinete bajo y Horacio Sarr\u00eda en saxo bar\u00edtono.<\/p>\n\n\n\n<p>El concierto recrea las obras de los notables \u00e1lbumes \u201cReuni\u00f3n cumbre\u201d y \u201cLibertango\u201d al cumplirse medio siglo de su lanzamiento. &#8220;Pipi&#8221; Piazzolla, nieto de Astor, expres\u00f3 que &#8220;estamos muy felices por este importante concierto que registramos en el Teatro Col\u00f3n, que celebr\u00f3 los 50 a\u00f1os de estos dos discazos de mi abuelo, y tambi\u00e9n celebramos nuestros 27 a\u00f1os de trayectoria&#8221;<\/p>\n\n\n\n<p>Y agreg\u00f3 que &#8220;estamos ensayando temas incre\u00edbles como &#8220;A\u00f1os de soledad&#8221;, &#8220;Cierra tus ojos y escucha&#8221;, o &#8220;Deus Xango&#8221;. Es un repertorio no muy transitado, que no se toca tanto pero que queremos compartir con el p\u00fablico del Litoral\u201d. Tambi\u00e9n sonar\u00e1n en vivo \u201cReminiscence\u201d, \u201cViolentango\u201d,\u201d Meditango\u201d,\u201d Novitango\u201d, \u201cLibertango\u201d y \u201cAdi\u00f3s Nonino\u201d.<\/p>\n\n\n\n<p>Entradas<\/p>\n\n\n\n<p>A la venta en weepas.ar desde $ y en boleter\u00eda del teatro Vera, San Juan 637, de lunes a s\u00e1bados de 9 a 13 hs y de 17 a 21 hs.<\/p>\n\n\n\n<p>En Resistencia, se pueden adquirir via www.butacauno.com.ar o en boleter\u00eda del Complejo Cultural Guido Miranda, Col\u00f3n 164, de mi\u00e9rcoles a s\u00e1bados de 17 a 21 hs.<\/p>\n","protected":false},"excerpt":{"rendered":"<p>01-May-26  El jueves 4 de junio en el Teatro Oficial Juan de Vera y el viernes 5 en el Complejo Cultural Guido Miranda, desde las 21.30 hs en ambas salas, se podr\u00e1 disfrutar de la obra de Astor Piazzolla de la mano de Escalandrum, recreando temas de los \u00e1lbumes &#8220;Reuni\u00f3n cumbre&#8221; y &#8220;Libertango&#8221; en vivo.<\/p>\n","protected":false},"author":3,"featured_media":363652,"comment_status":"closed","ping_status":"closed","sticky":false,"template":"","format":"standard","meta":[],"categories":[139,105],"tags":[],"_links":{"self":[{"href":"http:\/\/www.noticiasdelparana.com.ar\/NuevaEdicion\/wp-json\/wp\/v2\/posts\/363647"}],"collection":[{"href":"http:\/\/www.noticiasdelparana.com.ar\/NuevaEdicion\/wp-json\/wp\/v2\/posts"}],"about":[{"href":"http:\/\/www.noticiasdelparana.com.ar\/NuevaEdicion\/wp-json\/wp\/v2\/types\/post"}],"author":[{"embeddable":true,"href":"http:\/\/www.noticiasdelparana.com.ar\/NuevaEdicion\/wp-json\/wp\/v2\/users\/3"}],"replies":[{"embeddable":true,"href":"http:\/\/www.noticiasdelparana.com.ar\/NuevaEdicion\/wp-json\/wp\/v2\/comments?post=363647"}],"version-history":[{"count":1,"href":"http:\/\/www.noticiasdelparana.com.ar\/NuevaEdicion\/wp-json\/wp\/v2\/posts\/363647\/revisions"}],"predecessor-version":[{"id":363653,"href":"http:\/\/www.noticiasdelparana.com.ar\/NuevaEdicion\/wp-json\/wp\/v2\/posts\/363647\/revisions\/363653"}],"wp:featuredmedia":[{"embeddable":true,"href":"http:\/\/www.noticiasdelparana.com.ar\/NuevaEdicion\/wp-json\/wp\/v2\/media\/363652"}],"wp:attachment":[{"href":"http:\/\/www.noticiasdelparana.com.ar\/NuevaEdicion\/wp-json\/wp\/v2\/media?parent=363647"}],"wp:term":[{"taxonomy":"category","embeddable":true,"href":"http:\/\/www.noticiasdelparana.com.ar\/NuevaEdicion\/wp-json\/wp\/v2\/categories?post=363647"},{"taxonomy":"post_tag","embeddable":true,"href":"http:\/\/www.noticiasdelparana.com.ar\/NuevaEdicion\/wp-json\/wp\/v2\/tags?post=363647"}],"curies":[{"name":"wp","href":"https:\/\/api.w.org\/{rel}","templated":true}]}}