{"id":363654,"date":"2026-05-01T12:06:06","date_gmt":"2026-05-01T15:06:06","guid":{"rendered":"http:\/\/www.noticiasdelparana.com.ar\/NuevaEdicion\/?p=363654"},"modified":"2026-05-01T12:06:10","modified_gmt":"2026-05-01T15:06:10","slug":"chaco-vuelco-de-camion-cisterna-con-aceite-de-soja-en-la-ruta-provincial-5-dos-heridos","status":"publish","type":"post","link":"http:\/\/www.noticiasdelparana.com.ar\/NuevaEdicion\/2026\/05\/01\/chaco-vuelco-de-camion-cisterna-con-aceite-de-soja-en-la-ruta-provincial-5-dos-heridos\/","title":{"rendered":"CHACO: Vuelco De Cami\u00f3n Cisterna Con Aceite De Soja En La Ruta Provincial 5: Dos Heridos"},"content":{"rendered":"\n<p>El veh\u00edculo involucrado, un cami\u00f3n marca Volvo, dominio IOX-103, con cabina blanca y tanque cisterna, era conducido por E. M. D. (55 a\u00f1os), domiciliado en Reconquista, Santa Fe, quien viajaba acompa\u00f1ado por su pareja, A. A. (de la misma localidad). Ambos ten\u00edan como destino la ciudad de Rosario, Santa Fe.<\/p>\n\n\n\n<p>Seg\u00fan el testimonio del conductor, perdi\u00f3 el control del cami\u00f3n debido a las huellas presentes en la ruta, lo que provoc\u00f3 el vuelco del rodado, quedando recostado sobre su lateral izquierdo en la banquina.<\/p>\n","protected":false},"excerpt":{"rendered":"<p>01-May-26 Un cami\u00f3n cisterna cargado con aceite de soja volc\u00f3 en la Ruta Provincial N\u00b0 5, a 7 kil\u00f3metros del acceso principal a Hermoso Campo en direcci\u00f3n a Santa Sylvina. El siniestro vial ocurri\u00f3 el 30 de abril de 2026, alrededor de las 20:30 horas, y dej\u00f3 dos personas heridas.<\/p>\n","protected":false},"author":3,"featured_media":363655,"comment_status":"closed","ping_status":"closed","sticky":false,"template":"","format":"standard","meta":[],"categories":[103],"tags":[],"_links":{"self":[{"href":"http:\/\/www.noticiasdelparana.com.ar\/NuevaEdicion\/wp-json\/wp\/v2\/posts\/363654"}],"collection":[{"href":"http:\/\/www.noticiasdelparana.com.ar\/NuevaEdicion\/wp-json\/wp\/v2\/posts"}],"about":[{"href":"http:\/\/www.noticiasdelparana.com.ar\/NuevaEdicion\/wp-json\/wp\/v2\/types\/post"}],"author":[{"embeddable":true,"href":"http:\/\/www.noticiasdelparana.com.ar\/NuevaEdicion\/wp-json\/wp\/v2\/users\/3"}],"replies":[{"embeddable":true,"href":"http:\/\/www.noticiasdelparana.com.ar\/NuevaEdicion\/wp-json\/wp\/v2\/comments?post=363654"}],"version-history":[{"count":1,"href":"http:\/\/www.noticiasdelparana.com.ar\/NuevaEdicion\/wp-json\/wp\/v2\/posts\/363654\/revisions"}],"predecessor-version":[{"id":363656,"href":"http:\/\/www.noticiasdelparana.com.ar\/NuevaEdicion\/wp-json\/wp\/v2\/posts\/363654\/revisions\/363656"}],"wp:featuredmedia":[{"embeddable":true,"href":"http:\/\/www.noticiasdelparana.com.ar\/NuevaEdicion\/wp-json\/wp\/v2\/media\/363655"}],"wp:attachment":[{"href":"http:\/\/www.noticiasdelparana.com.ar\/NuevaEdicion\/wp-json\/wp\/v2\/media?parent=363654"}],"wp:term":[{"taxonomy":"category","embeddable":true,"href":"http:\/\/www.noticiasdelparana.com.ar\/NuevaEdicion\/wp-json\/wp\/v2\/categories?post=363654"},{"taxonomy":"post_tag","embeddable":true,"href":"http:\/\/www.noticiasdelparana.com.ar\/NuevaEdicion\/wp-json\/wp\/v2\/tags?post=363654"}],"curies":[{"name":"wp","href":"https:\/\/api.w.org\/{rel}","templated":true}]}}