{"id":363660,"date":"2026-05-01T12:21:33","date_gmt":"2026-05-01T15:21:33","guid":{"rendered":"http:\/\/www.noticiasdelparana.com.ar\/NuevaEdicion\/?p=363660"},"modified":"2026-05-01T12:24:41","modified_gmt":"2026-05-01T15:24:41","slug":"puerto-vilelas-marcelo-gonzalez-saludo-a-los-trabajadores-y-reafirmo-el-compromiso-del-municipio-en-un-contexto-dificil","status":"publish","type":"post","link":"http:\/\/www.noticiasdelparana.com.ar\/NuevaEdicion\/2026\/05\/01\/puerto-vilelas-marcelo-gonzalez-saludo-a-los-trabajadores-y-reafirmo-el-compromiso-del-municipio-en-un-contexto-dificil\/","title":{"rendered":"PUERTO VILELAS: Marcelo Gonz\u00e1lez Salud\u00f3 A Los Trabajadores Y Reafirm\u00f3 El Compromiso Del Municipio En Un Contexto Dif\u00edcil."},"content":{"rendered":"\n<p>A trav\u00e9s de un comunicado, el jefe comunal destac\u00f3 que este 1\u00b0 de mayo encuentra a muchos atravesando una situaci\u00f3n compleja, marcada por dificultades econ\u00f3micas y una creciente incertidumbre laboral. En ese sentido, remarc\u00f3 que el municipio no es ajeno a esa realidad y que trabaja de manera constante para acompa\u00f1ar, cuidar el empleo y generar nuevas oportunidades.<\/p>\n\n\n\n<p>Asimismo, reafirm\u00f3 el compromiso de la gesti\u00f3n con cada trabajador y trabajadora, poniendo en valor el trabajo como pilar fundamental de la dignidad, el desarrollo y la justicia social.<\/p>\n\n\n\n<p>\u201cEl esfuerzo de cada d\u00eda encierra una historia, un sue\u00f1o y una esperanza que merece ser defendida\u201d, expres\u00f3, cerrando su mensaje con un saludo a toda la comunidad en esta fecha significativa.<\/p>\n","protected":false},"excerpt":{"rendered":"<p>01-May-26 En el marco del D\u00eda del Trabajador, el intendente Marcelo Gonz\u00e1lez hizo llegar un mensaje de reconocimiento y acompa\u00f1amiento a todos los vecinos y vecinas que, con esfuerzo diario, sostienen a sus familias y contribuyen a la construcci\u00f3n de la comunidad.<\/p>\n","protected":false},"author":3,"featured_media":363661,"comment_status":"closed","ping_status":"closed","sticky":false,"template":"","format":"standard","meta":[],"categories":[108,101],"tags":[],"_links":{"self":[{"href":"http:\/\/www.noticiasdelparana.com.ar\/NuevaEdicion\/wp-json\/wp\/v2\/posts\/363660"}],"collection":[{"href":"http:\/\/www.noticiasdelparana.com.ar\/NuevaEdicion\/wp-json\/wp\/v2\/posts"}],"about":[{"href":"http:\/\/www.noticiasdelparana.com.ar\/NuevaEdicion\/wp-json\/wp\/v2\/types\/post"}],"author":[{"embeddable":true,"href":"http:\/\/www.noticiasdelparana.com.ar\/NuevaEdicion\/wp-json\/wp\/v2\/users\/3"}],"replies":[{"embeddable":true,"href":"http:\/\/www.noticiasdelparana.com.ar\/NuevaEdicion\/wp-json\/wp\/v2\/comments?post=363660"}],"version-history":[{"count":1,"href":"http:\/\/www.noticiasdelparana.com.ar\/NuevaEdicion\/wp-json\/wp\/v2\/posts\/363660\/revisions"}],"predecessor-version":[{"id":363662,"href":"http:\/\/www.noticiasdelparana.com.ar\/NuevaEdicion\/wp-json\/wp\/v2\/posts\/363660\/revisions\/363662"}],"wp:featuredmedia":[{"embeddable":true,"href":"http:\/\/www.noticiasdelparana.com.ar\/NuevaEdicion\/wp-json\/wp\/v2\/media\/363661"}],"wp:attachment":[{"href":"http:\/\/www.noticiasdelparana.com.ar\/NuevaEdicion\/wp-json\/wp\/v2\/media?parent=363660"}],"wp:term":[{"taxonomy":"category","embeddable":true,"href":"http:\/\/www.noticiasdelparana.com.ar\/NuevaEdicion\/wp-json\/wp\/v2\/categories?post=363660"},{"taxonomy":"post_tag","embeddable":true,"href":"http:\/\/www.noticiasdelparana.com.ar\/NuevaEdicion\/wp-json\/wp\/v2\/tags?post=363660"}],"curies":[{"name":"wp","href":"https:\/\/api.w.org\/{rel}","templated":true}]}}