{"id":363677,"date":"2026-05-01T14:38:44","date_gmt":"2026-05-01T17:38:44","guid":{"rendered":"http:\/\/www.noticiasdelparana.com.ar\/NuevaEdicion\/?p=363677"},"modified":"2026-05-01T14:38:50","modified_gmt":"2026-05-01T17:38:50","slug":"barranqueras-el-intendente-saludo-a-los-trabajadores-en-su-dia","status":"publish","type":"post","link":"http:\/\/www.noticiasdelparana.com.ar\/NuevaEdicion\/2026\/05\/01\/barranqueras-el-intendente-saludo-a-los-trabajadores-en-su-dia\/","title":{"rendered":"BARRANQUERAS: El Intendente Salud\u00f3 A Los Trabajadores En Su D\u00eda"},"content":{"rendered":"\n<p>En su saludo, el jefe comunal valor\u00f3 el esfuerzo de distintos sectores, entre ellos docentes, empleados p\u00fablicos, fuerzas de seguridad y trabajadores del comercio, resaltando que \u201cson quienes hacen grande nuestra ciudad con su labor diaria\u201d.<\/p>\n\n\n\n<p>Asimismo, expres\u00f3 un agradecimiento especial a los trabajadores municipales, subrayando el acompa\u00f1amiento constante en las tareas cotidianas que permiten avanzar hacia una ciudad \u201cm\u00e1s ordenada y m\u00e1s limpia\u201d.<\/p>\n\n\n\n<p>El intendente tambi\u00e9n tuvo palabras de reconocimiento para las familias de los trabajadores, destacando el apoyo diario en un contexto que calific\u00f3 como \u201cuna situaci\u00f3n cr\u00edtica\u201d, y remarc\u00f3 la importancia de continuar trabajando de manera organizada.<\/p>\n\n\n\n<p>Finalmente, agradeci\u00f3 el compromiso, la dedicaci\u00f3n y el esfuerzo de cada trabajador, y cerr\u00f3 su mensaje con un saludo: \u201cFeliz D\u00eda del Trabajador\u201d.<\/p>\n","protected":false},"excerpt":{"rendered":"<p>01-May-26  En el marco del D\u00eda del Trabajador, el intendente de Barranqueras hizo llegar un mensaje de reconocimiento y agradecimiento a todos los trabajadores que forman parte de la comunidad, destacando su rol fundamental en el crecimiento y desarrollo de la ciudad.<\/p>\n","protected":false},"author":3,"featured_media":363678,"comment_status":"closed","ping_status":"closed","sticky":false,"template":"","format":"standard","meta":[],"categories":[99,108],"tags":[],"_links":{"self":[{"href":"http:\/\/www.noticiasdelparana.com.ar\/NuevaEdicion\/wp-json\/wp\/v2\/posts\/363677"}],"collection":[{"href":"http:\/\/www.noticiasdelparana.com.ar\/NuevaEdicion\/wp-json\/wp\/v2\/posts"}],"about":[{"href":"http:\/\/www.noticiasdelparana.com.ar\/NuevaEdicion\/wp-json\/wp\/v2\/types\/post"}],"author":[{"embeddable":true,"href":"http:\/\/www.noticiasdelparana.com.ar\/NuevaEdicion\/wp-json\/wp\/v2\/users\/3"}],"replies":[{"embeddable":true,"href":"http:\/\/www.noticiasdelparana.com.ar\/NuevaEdicion\/wp-json\/wp\/v2\/comments?post=363677"}],"version-history":[{"count":1,"href":"http:\/\/www.noticiasdelparana.com.ar\/NuevaEdicion\/wp-json\/wp\/v2\/posts\/363677\/revisions"}],"predecessor-version":[{"id":363679,"href":"http:\/\/www.noticiasdelparana.com.ar\/NuevaEdicion\/wp-json\/wp\/v2\/posts\/363677\/revisions\/363679"}],"wp:featuredmedia":[{"embeddable":true,"href":"http:\/\/www.noticiasdelparana.com.ar\/NuevaEdicion\/wp-json\/wp\/v2\/media\/363678"}],"wp:attachment":[{"href":"http:\/\/www.noticiasdelparana.com.ar\/NuevaEdicion\/wp-json\/wp\/v2\/media?parent=363677"}],"wp:term":[{"taxonomy":"category","embeddable":true,"href":"http:\/\/www.noticiasdelparana.com.ar\/NuevaEdicion\/wp-json\/wp\/v2\/categories?post=363677"},{"taxonomy":"post_tag","embeddable":true,"href":"http:\/\/www.noticiasdelparana.com.ar\/NuevaEdicion\/wp-json\/wp\/v2\/tags?post=363677"}],"curies":[{"name":"wp","href":"https:\/\/api.w.org\/{rel}","templated":true}]}}