{"id":363693,"date":"2026-05-01T18:21:07","date_gmt":"2026-05-01T21:21:07","guid":{"rendered":"http:\/\/www.noticiasdelparana.com.ar\/NuevaEdicion\/?p=363693"},"modified":"2026-05-01T18:23:54","modified_gmt":"2026-05-01T21:23:54","slug":"rol-vehicular-atraparon-a-un-ciudadano-buscado-por-la-justicia","status":"publish","type":"post","link":"http:\/\/www.noticiasdelparana.com.ar\/NuevaEdicion\/2026\/05\/01\/rol-vehicular-atraparon-a-un-ciudadano-buscado-por-la-justicia\/","title":{"rendered":"PUERTO TIROL: En Un Control Vehicular Atraparon A Un Ciudadano Buscado Por La Justicia"},"content":{"rendered":"\n<p>Esta siesta, cerca de las 14:30, los efectivos de la Comisar\u00eda de Puerto Tirol realizaban un control vehicular y de identificaci\u00f3n de personas en la localidad. As\u00ed controlaron los datos de un hombre de 59 a\u00f1os al que el Sistema de Gesti\u00f3n Biom\u00e9trica le detect\u00f3 un pedido de captura activo.<\/p>\n\n\n\n<p>El ciudadano era buscado por una causa de \u201cSupuestas amenazas en contexto de violencia de g\u00e9nero\u201d. Hecho denunciado el 30 de abril en La Verde. Finalmente, el ciudadano qued\u00f3 aprehendido en la comisar\u00eda.<\/p>\n","protected":false},"excerpt":{"rendered":"<p>01-May-26 El hombre de 59 a\u00f1os termin\u00f3 detenido.<\/p>\n","protected":false},"author":3,"featured_media":363698,"comment_status":"closed","ping_status":"closed","sticky":false,"template":"","format":"standard","meta":[],"categories":[100],"tags":[],"_links":{"self":[{"href":"http:\/\/www.noticiasdelparana.com.ar\/NuevaEdicion\/wp-json\/wp\/v2\/posts\/363693"}],"collection":[{"href":"http:\/\/www.noticiasdelparana.com.ar\/NuevaEdicion\/wp-json\/wp\/v2\/posts"}],"about":[{"href":"http:\/\/www.noticiasdelparana.com.ar\/NuevaEdicion\/wp-json\/wp\/v2\/types\/post"}],"author":[{"embeddable":true,"href":"http:\/\/www.noticiasdelparana.com.ar\/NuevaEdicion\/wp-json\/wp\/v2\/users\/3"}],"replies":[{"embeddable":true,"href":"http:\/\/www.noticiasdelparana.com.ar\/NuevaEdicion\/wp-json\/wp\/v2\/comments?post=363693"}],"version-history":[{"count":2,"href":"http:\/\/www.noticiasdelparana.com.ar\/NuevaEdicion\/wp-json\/wp\/v2\/posts\/363693\/revisions"}],"predecessor-version":[{"id":363697,"href":"http:\/\/www.noticiasdelparana.com.ar\/NuevaEdicion\/wp-json\/wp\/v2\/posts\/363693\/revisions\/363697"}],"wp:featuredmedia":[{"embeddable":true,"href":"http:\/\/www.noticiasdelparana.com.ar\/NuevaEdicion\/wp-json\/wp\/v2\/media\/363698"}],"wp:attachment":[{"href":"http:\/\/www.noticiasdelparana.com.ar\/NuevaEdicion\/wp-json\/wp\/v2\/media?parent=363693"}],"wp:term":[{"taxonomy":"category","embeddable":true,"href":"http:\/\/www.noticiasdelparana.com.ar\/NuevaEdicion\/wp-json\/wp\/v2\/categories?post=363693"},{"taxonomy":"post_tag","embeddable":true,"href":"http:\/\/www.noticiasdelparana.com.ar\/NuevaEdicion\/wp-json\/wp\/v2\/tags?post=363693"}],"curies":[{"name":"wp","href":"https:\/\/api.w.org\/{rel}","templated":true}]}}