{"id":363709,"date":"2026-05-01T18:54:27","date_gmt":"2026-05-01T21:54:27","guid":{"rendered":"http:\/\/www.noticiasdelparana.com.ar\/NuevaEdicion\/?p=363709"},"modified":"2026-05-01T18:54:31","modified_gmt":"2026-05-01T21:54:31","slug":"musica-milo-j-la-voz-que-puso-al-cancionero-latinoamericano-en-la-conversacion-global-lanzo-su-tiny-desk-con-npr","status":"publish","type":"post","link":"http:\/\/www.noticiasdelparana.com.ar\/NuevaEdicion\/2026\/05\/01\/musica-milo-j-la-voz-que-puso-al-cancionero-latinoamericano-en-la-conversacion-global-lanzo-su-tiny-desk-con-npr\/","title":{"rendered":"MUSICA: Milo J, La Voz Que Puso Al Cancionero Latinoamericano En La Conversaci\u00f3n Global, Lanz\u00f3 Su Tiny Desk Con Npr"},"content":{"rendered":"\n<p>Hay una convicci\u00f3n que atraviesa toda la obra de Milo J, y este hito en su carrera no hizo m\u00e1s que reafirmarla. En su Tiny Desk para NPR \u2014la consagraci\u00f3n informal a la que aspiran los artistas del mundo entero\u2014, el argentino arm\u00f3 una mesa donde se sentaron, en clave de chacarera y de murga, las voces que vienen viajando hace d\u00e9cadas por el r\u00edo de la canci\u00f3n popular latinoamericana.<\/p>\n\n\n\n<p>El set abre con un tramo in\u00e9dito \u2014\u201cRecord\u00e9\u201d y una canci\u00f3n in\u00e9dita, \u201cCuestiones\u201d\u2014 y enseguida se mete en el coraz\u00f3n de La vida era m\u00e1s corta (2025), un punto de inflexi\u00f3n en su carrera: \u201cSolifican12\u201d, \u201cBajo de la piel\u201d, \u201cNi\u00f1o\u201d y \u201cLuci\u00e9rnagas\u201d, su colaboraci\u00f3n con Silvio Rodr\u00edguez. Un recorrido que, al igual que su \u00faltimo disco, trae el folklore, la nueva canci\u00f3n, la murga y la zamba al sonido del siglo XXI.<\/p>\n\n\n\n<p>A su lado, Agarrate Catalina. M\u00e1s que una colaboraci\u00f3n, una conversaci\u00f3n sostenida: la murga uruguaya \u2014referente m\u00e1ximo del g\u00e9nero\u2014 se volvi\u00f3 compa\u00f1era estable en grabaciones, vivos y momentos clave de la obra de Milo J. En el Tiny Desk, esa sociedad creativa pone en evidencia algo m\u00e1s grande: el R\u00edo de la Plata como una sola corriente, donde la canci\u00f3n popular argentina y la murga uruguaya conversan sin necesidad de etiquetas.<\/p>\n\n\n\n<p>El escritorio, esta vez, fue un peque\u00f1o altar. Un bander\u00edn del Club Deportivo Mor\u00f3n (equipo del que Milo J es hincha), el mate y el termo, el Mart\u00edn Fierro, un pa\u00f1uelo de las Abuelas de Plaza de Mayo, una mu\u00f1equita de lana con la inscripci\u00f3n \u201cNunca M\u00e1s\u201d, la bandera argentina, una revista de Mercedes Sosa \u2014cuya presencia y voz emociona en \u201cJangadero\u201d\u2014, un trofeo del gallo, una chapa de las Islas Malvinas y un vinilo de Horacio Guarany. A ese conjunto se sum\u00f3 un gesto cargado de sentido: el poncho que Soledad Pastorutti le entreg\u00f3 como legado en el Festival de Cosqu\u00edn, el encuentro m\u00e1s emblem\u00e1tico del folklore argentino. No son adornos: son citas. Cada objeto declara una pertenencia \u2014al barrio, a la historia, al cancionero, a la memoria\u2014 y le pone al set una capa que excede la m\u00fasica. Frente a la c\u00e1mara m\u00e1s vista del periodismo musical contempor\u00e1neo, Milo eligi\u00f3 mostrar de qu\u00e9 Argentina viene y sobre eso le canta al mundo.<\/p>\n\n\n\n<p>\u201cLa Vida Era M\u00e1s Corta\u201d, el disco que vertebra la presentaci\u00f3n, es la obra con la que Milo J confirm\u00f3 que no es un fen\u00f3meno: es una voz del tiempo. Un \u00e1lbum que profundiza heridas sociales y personales, expone las ra\u00edces folkl\u00f3ricas y las mitolog\u00edas del pensamiento popular, y trae al primer plano del mainstream esa Argentina marr\u00f3n y sus historias invisibilizadas. Zamba, chacarera y chamam\u00e9 conviven con samba carioca, nueva canci\u00f3n chilena, salsa, coros de murga y aires norte\u00f1os; cada instrumento \u2014sintetizadores, guitarras, viol\u00edn, bombo leg\u00fcero, charango y piano\u2014 est\u00e1 incluido con precisi\u00f3n y cumple su rol.<\/p>\n\n\n\n<p>Es una reuni\u00f3n que tambi\u00e9n trae la voz, la poes\u00eda y la potencia de Milo J habitado por una multitud de sonidos y testimonios. Es una reuni\u00f3n de noches, de leyendas, de guitarras, de pensamientos, de amigos, de miradas, de cicatrices, de carcajadas, de fastidio, de lo que ama, de lo que duele y de varias generaciones herederas de historias que nunca dejaron de hablar y de cantar. El artista argentino es un alma con m\u00fasica, con ecos de Santiago del Estero, madre de ciudades, y la generosidad de voces indispensables de Am\u00e9rica Latina. Lo agarra todo, lo amasa con su tierra, su amor, su barrio, su inquietud, su inteligencia, sus pesadillas y su compromiso.<\/p>\n\n\n\n<p>En esa mesa larga se sientan tambi\u00e9n las almas que el disco convoca: Mercedes Sosa, Hamlet Lima Quintana, Violeta Parra, Canario Luna, Jaime D\u00e1valos, Tot\u00f3 La Momposina, junto a contempor\u00e1neos como Trueno, Nicki Nicole, Yami Safdie, Paula Prieto, Radamel, Akriilla, Imbal Comedi, y referentes de otra generaci\u00f3n como Silvio Rodr\u00edguez, Soledad, Cuti y Roberto Carabajal y la propia Agarrate Catalina. Una ronda de mate que dura un disco entero \u2014y que ahora suena, tambi\u00e9n, en el escritorio de NPR.<\/p>\n\n\n\n<p>El Tiny Desk no marca solamente un hito en su carrera: marca un gesto. El de un artista de 19 a\u00f1os que decide usar su lugar m\u00e1s visible para cantar el linaje. Para hacer aparecer, en el coraz\u00f3n de NPR, a una Argentina y a una Am\u00e9rica Latina que pocas veces llegan a esa c\u00e1mara con semejante nivel y dignidad.<\/p>\n","protected":false},"excerpt":{"rendered":"<p>01-May-26 A los 19 a\u00f1os, el artista argentino estren\u00f3 su Tiny Desk para NPR con un set que convierte el escritorio m\u00e1s visto de la m\u00fasica global en una mesa de mate, ra\u00edz y memoria junto a la murga uruguaya Agarrate Catalina.<\/p>\n","protected":false},"author":4,"featured_media":363706,"comment_status":"closed","ping_status":"closed","sticky":false,"template":"","format":"standard","meta":[],"categories":[105],"tags":[],"_links":{"self":[{"href":"http:\/\/www.noticiasdelparana.com.ar\/NuevaEdicion\/wp-json\/wp\/v2\/posts\/363709"}],"collection":[{"href":"http:\/\/www.noticiasdelparana.com.ar\/NuevaEdicion\/wp-json\/wp\/v2\/posts"}],"about":[{"href":"http:\/\/www.noticiasdelparana.com.ar\/NuevaEdicion\/wp-json\/wp\/v2\/types\/post"}],"author":[{"embeddable":true,"href":"http:\/\/www.noticiasdelparana.com.ar\/NuevaEdicion\/wp-json\/wp\/v2\/users\/4"}],"replies":[{"embeddable":true,"href":"http:\/\/www.noticiasdelparana.com.ar\/NuevaEdicion\/wp-json\/wp\/v2\/comments?post=363709"}],"version-history":[{"count":1,"href":"http:\/\/www.noticiasdelparana.com.ar\/NuevaEdicion\/wp-json\/wp\/v2\/posts\/363709\/revisions"}],"predecessor-version":[{"id":363710,"href":"http:\/\/www.noticiasdelparana.com.ar\/NuevaEdicion\/wp-json\/wp\/v2\/posts\/363709\/revisions\/363710"}],"wp:featuredmedia":[{"embeddable":true,"href":"http:\/\/www.noticiasdelparana.com.ar\/NuevaEdicion\/wp-json\/wp\/v2\/media\/363706"}],"wp:attachment":[{"href":"http:\/\/www.noticiasdelparana.com.ar\/NuevaEdicion\/wp-json\/wp\/v2\/media?parent=363709"}],"wp:term":[{"taxonomy":"category","embeddable":true,"href":"http:\/\/www.noticiasdelparana.com.ar\/NuevaEdicion\/wp-json\/wp\/v2\/categories?post=363709"},{"taxonomy":"post_tag","embeddable":true,"href":"http:\/\/www.noticiasdelparana.com.ar\/NuevaEdicion\/wp-json\/wp\/v2\/tags?post=363709"}],"curies":[{"name":"wp","href":"https:\/\/api.w.org\/{rel}","templated":true}]}}