{"id":363725,"date":"2026-05-01T20:56:06","date_gmt":"2026-05-01T23:56:06","guid":{"rendered":"http:\/\/www.noticiasdelparana.com.ar\/NuevaEdicion\/?p=363725"},"modified":"2026-05-01T20:56:10","modified_gmt":"2026-05-01T23:56:10","slug":"las-brenas-recuperaron-una-motocicleta-sustraida-en-pocas-horas","status":"publish","type":"post","link":"http:\/\/www.noticiasdelparana.com.ar\/NuevaEdicion\/2026\/05\/01\/las-brenas-recuperaron-una-motocicleta-sustraida-en-pocas-horas\/","title":{"rendered":"LAS BRE\u00d1AS: Recuperaron Una Motocicleta Sustra\u00edda En Pocas Horas"},"content":{"rendered":"\n<p>Un hombre de 32 a\u00f1os denunci\u00f3 que, alrededor de las 14, constat\u00f3 la sustracci\u00f3n de su motocicleta, la cual hab\u00eda dejado estacionada frente a su domicilio, ubicado sobre calle Sarmiento, sin medidas de seguridad.<\/p>\n\n\n\n<p>El rodado, una motocicleta marca Guerrero Trip de 110 cilindradas, hab\u00eda sido dejado cerca del mediod\u00eda, momento en que se habr\u00eda producido el il\u00edcito por parte de personas desconocidas.<\/p>\n\n\n\n<p>Tras la denuncia, efectivos policiales iniciaron tareas investigativas que permitieron, en pocas horas, lograr el secuestro y recupero del rodado , el cual se encontraba oculto en un terreno bald\u00edo del barrio Ex Quinta de Cabrera.<\/p>\n\n\n\n<p>Consultado el fiscal en turno, dispuso la restituci\u00f3n del rodado a su propietario, previa acreditaci\u00f3n de su propiedad.<\/p>\n","protected":false},"excerpt":{"rendered":"<p>01-May-26 El rodado hab\u00eda sido sustra\u00eddo frente a la vivienda de su propietario y fue hallado oculto en un terreno bald\u00edo.<\/p>\n","protected":false},"author":3,"featured_media":363718,"comment_status":"closed","ping_status":"closed","sticky":false,"template":"","format":"standard","meta":[],"categories":[103],"tags":[],"_links":{"self":[{"href":"http:\/\/www.noticiasdelparana.com.ar\/NuevaEdicion\/wp-json\/wp\/v2\/posts\/363725"}],"collection":[{"href":"http:\/\/www.noticiasdelparana.com.ar\/NuevaEdicion\/wp-json\/wp\/v2\/posts"}],"about":[{"href":"http:\/\/www.noticiasdelparana.com.ar\/NuevaEdicion\/wp-json\/wp\/v2\/types\/post"}],"author":[{"embeddable":true,"href":"http:\/\/www.noticiasdelparana.com.ar\/NuevaEdicion\/wp-json\/wp\/v2\/users\/3"}],"replies":[{"embeddable":true,"href":"http:\/\/www.noticiasdelparana.com.ar\/NuevaEdicion\/wp-json\/wp\/v2\/comments?post=363725"}],"version-history":[{"count":1,"href":"http:\/\/www.noticiasdelparana.com.ar\/NuevaEdicion\/wp-json\/wp\/v2\/posts\/363725\/revisions"}],"predecessor-version":[{"id":363726,"href":"http:\/\/www.noticiasdelparana.com.ar\/NuevaEdicion\/wp-json\/wp\/v2\/posts\/363725\/revisions\/363726"}],"wp:featuredmedia":[{"embeddable":true,"href":"http:\/\/www.noticiasdelparana.com.ar\/NuevaEdicion\/wp-json\/wp\/v2\/media\/363718"}],"wp:attachment":[{"href":"http:\/\/www.noticiasdelparana.com.ar\/NuevaEdicion\/wp-json\/wp\/v2\/media?parent=363725"}],"wp:term":[{"taxonomy":"category","embeddable":true,"href":"http:\/\/www.noticiasdelparana.com.ar\/NuevaEdicion\/wp-json\/wp\/v2\/categories?post=363725"},{"taxonomy":"post_tag","embeddable":true,"href":"http:\/\/www.noticiasdelparana.com.ar\/NuevaEdicion\/wp-json\/wp\/v2\/tags?post=363725"}],"curies":[{"name":"wp","href":"https:\/\/api.w.org\/{rel}","templated":true}]}}