{"id":363727,"date":"2026-05-01T21:04:45","date_gmt":"2026-05-02T00:04:45","guid":{"rendered":"http:\/\/www.noticiasdelparana.com.ar\/NuevaEdicion\/?p=363727"},"modified":"2026-05-01T21:04:49","modified_gmt":"2026-05-02T00:04:49","slug":"capitan-solari-rapido-accionar-policial-permitio-recuperar-una-moto-robada","status":"publish","type":"post","link":"http:\/\/www.noticiasdelparana.com.ar\/NuevaEdicion\/2026\/05\/01\/capitan-solari-rapido-accionar-policial-permitio-recuperar-una-moto-robada\/","title":{"rendered":"CAPIT\u00c1N SOLARI: R\u00e1pido Accionar Policial Permiti\u00f3 Recuperar Una Moto Robada"},"content":{"rendered":"\n<p>Un hombre de 37 a\u00f1os denunci\u00f3 que durante la madrugada hab\u00eda dejado su motocicleta estacionada frente a su domicilio y, al regresar, constat\u00f3 que desconocidos se la hab\u00edan sustra\u00eddo.<\/p>\n\n\n\n<p>A partir de las averiguaciones realizadas, los efectivos de la comisar\u00eda local tomaron conocimiento de que un sujeto estar\u00eda ofreciendo a bajo costo una motocicleta de similares caracter\u00edsticas en inmediaciones del cementerio local.<\/p>\n\n\n\n<p>Con esta informaci\u00f3n, se dirigieron al lugar y observaron a un individuo a bordo de un rodado coincidente con el denunciado. Al advertir la presencia policial, el sospechoso abandon\u00f3 la motocicleta e intent\u00f3 darse a la fuga, pero fue r\u00e1pidamente alcanzado.<\/p>\n\n\n\n<p>En el lugar procedieron al secuestro formal del veh\u00edculo, confirm\u00e1ndose que se trataba del rodado denunciado como sustra\u00eddo.<\/p>\n\n\n\n<p>Por disposici\u00f3n de la Fiscal\u00eda interviniente, el demorado 42 a\u00f1os fue notificado de su aprehensi\u00f3n en la causa por supuesto hurto, mientras que la motocicleta fue restituida a su propietario.<\/p>\n","protected":false},"excerpt":{"rendered":"<p>01-May-26 El bien fue restituido a su propietario.<\/p>\n","protected":false},"author":3,"featured_media":363728,"comment_status":"closed","ping_status":"closed","sticky":false,"template":"","format":"standard","meta":[],"categories":[103],"tags":[],"_links":{"self":[{"href":"http:\/\/www.noticiasdelparana.com.ar\/NuevaEdicion\/wp-json\/wp\/v2\/posts\/363727"}],"collection":[{"href":"http:\/\/www.noticiasdelparana.com.ar\/NuevaEdicion\/wp-json\/wp\/v2\/posts"}],"about":[{"href":"http:\/\/www.noticiasdelparana.com.ar\/NuevaEdicion\/wp-json\/wp\/v2\/types\/post"}],"author":[{"embeddable":true,"href":"http:\/\/www.noticiasdelparana.com.ar\/NuevaEdicion\/wp-json\/wp\/v2\/users\/3"}],"replies":[{"embeddable":true,"href":"http:\/\/www.noticiasdelparana.com.ar\/NuevaEdicion\/wp-json\/wp\/v2\/comments?post=363727"}],"version-history":[{"count":1,"href":"http:\/\/www.noticiasdelparana.com.ar\/NuevaEdicion\/wp-json\/wp\/v2\/posts\/363727\/revisions"}],"predecessor-version":[{"id":363729,"href":"http:\/\/www.noticiasdelparana.com.ar\/NuevaEdicion\/wp-json\/wp\/v2\/posts\/363727\/revisions\/363729"}],"wp:featuredmedia":[{"embeddable":true,"href":"http:\/\/www.noticiasdelparana.com.ar\/NuevaEdicion\/wp-json\/wp\/v2\/media\/363728"}],"wp:attachment":[{"href":"http:\/\/www.noticiasdelparana.com.ar\/NuevaEdicion\/wp-json\/wp\/v2\/media?parent=363727"}],"wp:term":[{"taxonomy":"category","embeddable":true,"href":"http:\/\/www.noticiasdelparana.com.ar\/NuevaEdicion\/wp-json\/wp\/v2\/categories?post=363727"},{"taxonomy":"post_tag","embeddable":true,"href":"http:\/\/www.noticiasdelparana.com.ar\/NuevaEdicion\/wp-json\/wp\/v2\/tags?post=363727"}],"curies":[{"name":"wp","href":"https:\/\/api.w.org\/{rel}","templated":true}]}}