{"id":363906,"date":"2026-05-03T09:08:28","date_gmt":"2026-05-03T12:08:28","guid":{"rendered":"http:\/\/www.noticiasdelparana.com.ar\/NuevaEdicion\/?p=363906"},"modified":"2026-05-03T09:08:34","modified_gmt":"2026-05-03T12:08:34","slug":"chaco-esclarecieron-un-hurto-y-atraparon-al-autor","status":"publish","type":"post","link":"http:\/\/www.noticiasdelparana.com.ar\/NuevaEdicion\/2026\/05\/03\/chaco-esclarecieron-un-hurto-y-atraparon-al-autor\/","title":{"rendered":"CHACO: Esclarecieron Un Hurto Y Atraparon Al Autor"},"content":{"rendered":"\n<p>Los efectivos del Servicio Externo de la Comisar\u00eda S\u00e9ptima tomaron conocimiento de un hurto en un domicilio, en el que un joven ingres\u00f3 y se llev\u00f3 un televisor. Mediante las filmaciones aportadas por el due\u00f1o del lugar pudieron identificar al autor.<\/p>\n\n\n\n<p>Anoche alrededor de las 22, supieron que intentaba trasladar el artefacto hacia Villa Libertad, se dirigieron al lugar. Luego de patrullajes y emplazamientos de vigilancia lograron la detenci\u00f3n del joven por la calle Fort\u00edn Loma Negra, en su poder ten\u00eda el tv sustra\u00eddo.<\/p>\n\n\n\n<p>El conducido de 18 a\u00f1os fue notificado de su aprehensi\u00f3n por la causa Supuesto Hurto con escalamiento a disposici\u00f3n de la fiscal\u00eda en turno. Finalmente el bien volvi\u00f3 a las manos de su due\u00f1o.<\/p>\n","protected":false},"excerpt":{"rendered":"<p>03-May-26   Se hab\u00edan llevado un televisor de un domicilio, pero tras investigar localizaron al implicado con el bien en su poder.<\/p>\n","protected":false},"author":3,"featured_media":363907,"comment_status":"closed","ping_status":"closed","sticky":false,"template":"","format":"standard","meta":[],"categories":[103],"tags":[],"_links":{"self":[{"href":"http:\/\/www.noticiasdelparana.com.ar\/NuevaEdicion\/wp-json\/wp\/v2\/posts\/363906"}],"collection":[{"href":"http:\/\/www.noticiasdelparana.com.ar\/NuevaEdicion\/wp-json\/wp\/v2\/posts"}],"about":[{"href":"http:\/\/www.noticiasdelparana.com.ar\/NuevaEdicion\/wp-json\/wp\/v2\/types\/post"}],"author":[{"embeddable":true,"href":"http:\/\/www.noticiasdelparana.com.ar\/NuevaEdicion\/wp-json\/wp\/v2\/users\/3"}],"replies":[{"embeddable":true,"href":"http:\/\/www.noticiasdelparana.com.ar\/NuevaEdicion\/wp-json\/wp\/v2\/comments?post=363906"}],"version-history":[{"count":1,"href":"http:\/\/www.noticiasdelparana.com.ar\/NuevaEdicion\/wp-json\/wp\/v2\/posts\/363906\/revisions"}],"predecessor-version":[{"id":363908,"href":"http:\/\/www.noticiasdelparana.com.ar\/NuevaEdicion\/wp-json\/wp\/v2\/posts\/363906\/revisions\/363908"}],"wp:featuredmedia":[{"embeddable":true,"href":"http:\/\/www.noticiasdelparana.com.ar\/NuevaEdicion\/wp-json\/wp\/v2\/media\/363907"}],"wp:attachment":[{"href":"http:\/\/www.noticiasdelparana.com.ar\/NuevaEdicion\/wp-json\/wp\/v2\/media?parent=363906"}],"wp:term":[{"taxonomy":"category","embeddable":true,"href":"http:\/\/www.noticiasdelparana.com.ar\/NuevaEdicion\/wp-json\/wp\/v2\/categories?post=363906"},{"taxonomy":"post_tag","embeddable":true,"href":"http:\/\/www.noticiasdelparana.com.ar\/NuevaEdicion\/wp-json\/wp\/v2\/tags?post=363906"}],"curies":[{"name":"wp","href":"https:\/\/api.w.org\/{rel}","templated":true}]}}