{"id":363909,"date":"2026-05-03T09:10:40","date_gmt":"2026-05-03T12:10:40","guid":{"rendered":"http:\/\/www.noticiasdelparana.com.ar\/NuevaEdicion\/?p=363909"},"modified":"2026-05-03T09:10:45","modified_gmt":"2026-05-03T12:10:45","slug":"san-martin-recuperaron-un-telefono-hurtado-de-un-domicilio","status":"publish","type":"post","link":"http:\/\/www.noticiasdelparana.com.ar\/NuevaEdicion\/2026\/05\/03\/san-martin-recuperaron-un-telefono-hurtado-de-un-domicilio\/","title":{"rendered":"SAN MART\u00cdN: Recuperaron Un Tel\u00e9fono Hurtado De Un Domicilio"},"content":{"rendered":"\n<p>Una ciudadana de 31 a\u00f1os inform\u00f3 que personas extra\u00f1as ingresaron a su casa del barrio Centro y se llevaron su tel\u00e9fono Motorola M14. Tom\u00f3 intervenci\u00f3n la Divisi\u00f3n Investigaciones de San Mart\u00edn.<\/p>\n\n\n\n<p>Inmediatamente los agentes verificaron la ubicaci\u00f3n geoposicional del celular y establecieron donde estaba, se dirigieron al lugar. Al llegar se entrevistaron con un hombre de 33 a\u00f1os que ten\u00eda el celular buscado, lo hab\u00eda adquirido de buena fe pero no sab\u00eda que era buscado por la justicia, entreg\u00f3 el bien de forma voluntaria.<\/p>\n\n\n\n<p>Finalmente, se instruyeron actuaciones judiciales y el celular fue devuelto a su due\u00f1a<\/p>\n","protected":false},"excerpt":{"rendered":"<p>03-May-26  Intervino la Divisi\u00f3n Investigaciones, localizaron el celular en poder de un hombre.<\/p>\n","protected":false},"author":3,"featured_media":363911,"comment_status":"closed","ping_status":"closed","sticky":false,"template":"","format":"standard","meta":[],"categories":[103],"tags":[],"_links":{"self":[{"href":"http:\/\/www.noticiasdelparana.com.ar\/NuevaEdicion\/wp-json\/wp\/v2\/posts\/363909"}],"collection":[{"href":"http:\/\/www.noticiasdelparana.com.ar\/NuevaEdicion\/wp-json\/wp\/v2\/posts"}],"about":[{"href":"http:\/\/www.noticiasdelparana.com.ar\/NuevaEdicion\/wp-json\/wp\/v2\/types\/post"}],"author":[{"embeddable":true,"href":"http:\/\/www.noticiasdelparana.com.ar\/NuevaEdicion\/wp-json\/wp\/v2\/users\/3"}],"replies":[{"embeddable":true,"href":"http:\/\/www.noticiasdelparana.com.ar\/NuevaEdicion\/wp-json\/wp\/v2\/comments?post=363909"}],"version-history":[{"count":1,"href":"http:\/\/www.noticiasdelparana.com.ar\/NuevaEdicion\/wp-json\/wp\/v2\/posts\/363909\/revisions"}],"predecessor-version":[{"id":363912,"href":"http:\/\/www.noticiasdelparana.com.ar\/NuevaEdicion\/wp-json\/wp\/v2\/posts\/363909\/revisions\/363912"}],"wp:featuredmedia":[{"embeddable":true,"href":"http:\/\/www.noticiasdelparana.com.ar\/NuevaEdicion\/wp-json\/wp\/v2\/media\/363911"}],"wp:attachment":[{"href":"http:\/\/www.noticiasdelparana.com.ar\/NuevaEdicion\/wp-json\/wp\/v2\/media?parent=363909"}],"wp:term":[{"taxonomy":"category","embeddable":true,"href":"http:\/\/www.noticiasdelparana.com.ar\/NuevaEdicion\/wp-json\/wp\/v2\/categories?post=363909"},{"taxonomy":"post_tag","embeddable":true,"href":"http:\/\/www.noticiasdelparana.com.ar\/NuevaEdicion\/wp-json\/wp\/v2\/tags?post=363909"}],"curies":[{"name":"wp","href":"https:\/\/api.w.org\/{rel}","templated":true}]}}