{"id":363910,"date":"2026-05-03T09:11:37","date_gmt":"2026-05-03T12:11:37","guid":{"rendered":"http:\/\/www.noticiasdelparana.com.ar\/NuevaEdicion\/?p=363910"},"modified":"2026-05-03T09:22:43","modified_gmt":"2026-05-03T12:22:43","slug":"escondieron-lo-sustraido-entre-la-maleza-pero-los-agentes-hallaron-todo","status":"publish","type":"post","link":"http:\/\/www.noticiasdelparana.com.ar\/NuevaEdicion\/2026\/05\/03\/escondieron-lo-sustraido-entre-la-maleza-pero-los-agentes-hallaron-todo\/","title":{"rendered":"AVIA TERAI: Escondieron Lo Sustra\u00eddo Entre La Maleza, Pero Los Agentes Hallaron Todo"},"content":{"rendered":"\n<p>La intervenci\u00f3n se origin\u00f3 a partir de una denuncia radicada por una ciudadana de 31 a\u00f1os por la sustracci\u00f3n de bienes de su hogar. Los efectivos de la Comisar\u00eda local realizaron tareas investigativas, para encontrarlas.<\/p>\n\n\n\n<p>Mediante entrevistas con vecinos supieron que dos sujetos habr\u00edan escondido en una zona boscosa del barrio Castell, se dirigieron al lugar. Tras un rastrillaje por la maleza, hallaron los bienes denunciados, labraron acta de secuestro y lo trasladaron a la dependencia policial.<\/p>\n\n\n\n<p>Finalmente los devolvieron a su propietaria.<\/p>\n","protected":false},"excerpt":{"rendered":"<p>03-May-26 Secuestraron un horno el\u00e9ctrico y una garrafa y lo devolvieron a su due\u00f1a.<\/p>\n","protected":false},"author":4,"featured_media":363914,"comment_status":"closed","ping_status":"closed","sticky":false,"template":"","format":"standard","meta":[],"categories":[103],"tags":[],"_links":{"self":[{"href":"http:\/\/www.noticiasdelparana.com.ar\/NuevaEdicion\/wp-json\/wp\/v2\/posts\/363910"}],"collection":[{"href":"http:\/\/www.noticiasdelparana.com.ar\/NuevaEdicion\/wp-json\/wp\/v2\/posts"}],"about":[{"href":"http:\/\/www.noticiasdelparana.com.ar\/NuevaEdicion\/wp-json\/wp\/v2\/types\/post"}],"author":[{"embeddable":true,"href":"http:\/\/www.noticiasdelparana.com.ar\/NuevaEdicion\/wp-json\/wp\/v2\/users\/4"}],"replies":[{"embeddable":true,"href":"http:\/\/www.noticiasdelparana.com.ar\/NuevaEdicion\/wp-json\/wp\/v2\/comments?post=363910"}],"version-history":[{"count":2,"href":"http:\/\/www.noticiasdelparana.com.ar\/NuevaEdicion\/wp-json\/wp\/v2\/posts\/363910\/revisions"}],"predecessor-version":[{"id":363924,"href":"http:\/\/www.noticiasdelparana.com.ar\/NuevaEdicion\/wp-json\/wp\/v2\/posts\/363910\/revisions\/363924"}],"wp:featuredmedia":[{"embeddable":true,"href":"http:\/\/www.noticiasdelparana.com.ar\/NuevaEdicion\/wp-json\/wp\/v2\/media\/363914"}],"wp:attachment":[{"href":"http:\/\/www.noticiasdelparana.com.ar\/NuevaEdicion\/wp-json\/wp\/v2\/media?parent=363910"}],"wp:term":[{"taxonomy":"category","embeddable":true,"href":"http:\/\/www.noticiasdelparana.com.ar\/NuevaEdicion\/wp-json\/wp\/v2\/categories?post=363910"},{"taxonomy":"post_tag","embeddable":true,"href":"http:\/\/www.noticiasdelparana.com.ar\/NuevaEdicion\/wp-json\/wp\/v2\/tags?post=363910"}],"curies":[{"name":"wp","href":"https:\/\/api.w.org\/{rel}","templated":true}]}}