{"id":363916,"date":"2026-05-03T09:12:35","date_gmt":"2026-05-03T12:12:35","guid":{"rendered":"http:\/\/www.noticiasdelparana.com.ar\/NuevaEdicion\/?p=363916"},"modified":"2026-05-03T09:22:21","modified_gmt":"2026-05-03T12:22:21","slug":"etuvieron-a-un-hombre-con-mas-de-150-dosis-de-cocaina-durante-operativo-lince","status":"publish","type":"post","link":"http:\/\/www.noticiasdelparana.com.ar\/NuevaEdicion\/2026\/05\/03\/etuvieron-a-un-hombre-con-mas-de-150-dosis-de-cocaina-durante-operativo-lince\/","title":{"rendered":"RESISTENCIA: Detuvieron A Un Hombre Con M\u00e1s De 150 Dosis De Coca\u00edna Durante Operativo Lince"},"content":{"rendered":"\n<p>Esta madrugada, durante el Operativo Lince, efectivos concretaron un procedimiento antidrogas en la zona de Pasaje Humait\u00e1 y calle Congreso.<\/p>\n\n\n\n<p>Cerca de las 2 de la ma\u00f1ana, los agentes demoraron a un hombre que llevaba una cartera. Al inspeccionar sus pertenencias, hallaron en el interior 151 envoltorios de polietileno, dinero en efectivo y elementos utilizados presuntamente para la venta de estupefacientes.<\/p>\n\n\n\n<p>Posteriormente, intervino personal de Consumos Problem\u00e1ticos, que realiz\u00f3 el pesaje y la prueba de campo correspondiente. Como resultado, se determin\u00f3 que se trataba de 22 gramos de coca\u00edna.<\/p>\n\n\n\n<p>Por disposici\u00f3n de la Fiscal\u00eda Antidrogas en turno, se orden\u00f3 la aprehensi\u00f3n del demorado y el secuestro de todos los elementos incautados.<\/p>\n","protected":false},"excerpt":{"rendered":"<p>03-May-26 Secuestraron droga fraccionada, dinero en efectivo y otros elementos.<\/p>\n","protected":false},"author":4,"featured_media":363913,"comment_status":"closed","ping_status":"closed","sticky":false,"template":"","format":"standard","meta":[],"categories":[103],"tags":[],"_links":{"self":[{"href":"http:\/\/www.noticiasdelparana.com.ar\/NuevaEdicion\/wp-json\/wp\/v2\/posts\/363916"}],"collection":[{"href":"http:\/\/www.noticiasdelparana.com.ar\/NuevaEdicion\/wp-json\/wp\/v2\/posts"}],"about":[{"href":"http:\/\/www.noticiasdelparana.com.ar\/NuevaEdicion\/wp-json\/wp\/v2\/types\/post"}],"author":[{"embeddable":true,"href":"http:\/\/www.noticiasdelparana.com.ar\/NuevaEdicion\/wp-json\/wp\/v2\/users\/4"}],"replies":[{"embeddable":true,"href":"http:\/\/www.noticiasdelparana.com.ar\/NuevaEdicion\/wp-json\/wp\/v2\/comments?post=363916"}],"version-history":[{"count":2,"href":"http:\/\/www.noticiasdelparana.com.ar\/NuevaEdicion\/wp-json\/wp\/v2\/posts\/363916\/revisions"}],"predecessor-version":[{"id":363923,"href":"http:\/\/www.noticiasdelparana.com.ar\/NuevaEdicion\/wp-json\/wp\/v2\/posts\/363916\/revisions\/363923"}],"wp:featuredmedia":[{"embeddable":true,"href":"http:\/\/www.noticiasdelparana.com.ar\/NuevaEdicion\/wp-json\/wp\/v2\/media\/363913"}],"wp:attachment":[{"href":"http:\/\/www.noticiasdelparana.com.ar\/NuevaEdicion\/wp-json\/wp\/v2\/media?parent=363916"}],"wp:term":[{"taxonomy":"category","embeddable":true,"href":"http:\/\/www.noticiasdelparana.com.ar\/NuevaEdicion\/wp-json\/wp\/v2\/categories?post=363916"},{"taxonomy":"post_tag","embeddable":true,"href":"http:\/\/www.noticiasdelparana.com.ar\/NuevaEdicion\/wp-json\/wp\/v2\/tags?post=363916"}],"curies":[{"name":"wp","href":"https:\/\/api.w.org\/{rel}","templated":true}]}}