{"id":363918,"date":"2026-05-03T09:19:40","date_gmt":"2026-05-03T12:19:40","guid":{"rendered":"http:\/\/www.noticiasdelparana.com.ar\/NuevaEdicion\/?p=363918"},"modified":"2026-05-03T09:19:44","modified_gmt":"2026-05-03T12:19:44","slug":"quitilipi-incautaron-mercaderia-sin-aval-aduanero-durante-control-vehicular","status":"publish","type":"post","link":"http:\/\/www.noticiasdelparana.com.ar\/NuevaEdicion\/2026\/05\/03\/quitilipi-incautaron-mercaderia-sin-aval-aduanero-durante-control-vehicular\/","title":{"rendered":"QUITILIPI: Incautaron Mercader\u00eda Sin Aval Aduanero Durante Control Vehicular"},"content":{"rendered":"\n<p>Efectivos de la Comisar\u00eda de Quitilipi llevaron adelante un operativo de seguridad preventiva en el marco del \u201cPatrullaje Motorizado Lince\u201d, donde interceptaron un autom\u00f3vil en el que se trasladaban diversas mercader\u00edas sin la documentaci\u00f3n correspondiente.<\/p>\n\n\n\n<p>Los efectivos comenzaron el operativo ayer a las 22 y culmin\u00f3 esta madrugada pasadas las 2, durante el control, los agentes identificaron al conductor, un joven de 25 a\u00f1os, quien iba acompa\u00f1ado por una mujer de 22 a\u00f1os. Ambos transportaban una importante cantidad de productos de distintos rubros, sin contar con remitos ni aval aduanero que acrediten su procedencia.<\/p>\n\n\n\n<p>Finalmente, ante esta situaci\u00f3n, se dio intervenci\u00f3n a la Fiscal\u00eda Federal de S\u00e1enz Pe\u00f1a, que dispuso el secuestro de la totalidad de la mercader\u00eda, as\u00ed como la notificaci\u00f3n de actuaciones por \u201cSupuesta Infracci\u00f3n al C\u00f3digo Aduanero en Concordancia con Contrabando&#8221;.<\/p>\n","protected":false},"excerpt":{"rendered":"<p>03-May-26 El procedimiento se realiz\u00f3 durante un control vehicular en accesos a la localidad.<\/p>\n","protected":false},"author":4,"featured_media":363919,"comment_status":"closed","ping_status":"closed","sticky":false,"template":"","format":"standard","meta":[],"categories":[103],"tags":[],"_links":{"self":[{"href":"http:\/\/www.noticiasdelparana.com.ar\/NuevaEdicion\/wp-json\/wp\/v2\/posts\/363918"}],"collection":[{"href":"http:\/\/www.noticiasdelparana.com.ar\/NuevaEdicion\/wp-json\/wp\/v2\/posts"}],"about":[{"href":"http:\/\/www.noticiasdelparana.com.ar\/NuevaEdicion\/wp-json\/wp\/v2\/types\/post"}],"author":[{"embeddable":true,"href":"http:\/\/www.noticiasdelparana.com.ar\/NuevaEdicion\/wp-json\/wp\/v2\/users\/4"}],"replies":[{"embeddable":true,"href":"http:\/\/www.noticiasdelparana.com.ar\/NuevaEdicion\/wp-json\/wp\/v2\/comments?post=363918"}],"version-history":[{"count":1,"href":"http:\/\/www.noticiasdelparana.com.ar\/NuevaEdicion\/wp-json\/wp\/v2\/posts\/363918\/revisions"}],"predecessor-version":[{"id":363920,"href":"http:\/\/www.noticiasdelparana.com.ar\/NuevaEdicion\/wp-json\/wp\/v2\/posts\/363918\/revisions\/363920"}],"wp:featuredmedia":[{"embeddable":true,"href":"http:\/\/www.noticiasdelparana.com.ar\/NuevaEdicion\/wp-json\/wp\/v2\/media\/363919"}],"wp:attachment":[{"href":"http:\/\/www.noticiasdelparana.com.ar\/NuevaEdicion\/wp-json\/wp\/v2\/media?parent=363918"}],"wp:term":[{"taxonomy":"category","embeddable":true,"href":"http:\/\/www.noticiasdelparana.com.ar\/NuevaEdicion\/wp-json\/wp\/v2\/categories?post=363918"},{"taxonomy":"post_tag","embeddable":true,"href":"http:\/\/www.noticiasdelparana.com.ar\/NuevaEdicion\/wp-json\/wp\/v2\/tags?post=363918"}],"curies":[{"name":"wp","href":"https:\/\/api.w.org\/{rel}","templated":true}]}}