{"id":363921,"date":"2026-05-03T09:22:04","date_gmt":"2026-05-03T12:22:04","guid":{"rendered":"http:\/\/www.noticiasdelparana.com.ar\/NuevaEdicion\/?p=363921"},"modified":"2026-05-03T09:22:07","modified_gmt":"2026-05-03T12:22:07","slug":"charata-jugaba-en-la-vereda-de-su-casa-cuando-fue-mordido-por-un-perro-en-su-zona-genital","status":"publish","type":"post","link":"http:\/\/www.noticiasdelparana.com.ar\/NuevaEdicion\/2026\/05\/03\/charata-jugaba-en-la-vereda-de-su-casa-cuando-fue-mordido-por-un-perro-en-su-zona-genital\/","title":{"rendered":"CHARATA:  Jugaba En La Vereda  De Su Casa Cuando Fue Mordido Por Un Perro En Su Zona Genital"},"content":{"rendered":"\n<p>Seg\u00fan informaron fuentes policiales el menor ingres\u00f3 por sus propios medios al Hospital \u201cEnrique V. de Llamas\u201d, acompa\u00f1ado por su padre.<\/p>\n\n\n\n<p>De acuerdo al testimonio del progenitor, el peque\u00f1o se encontraba jugando frente a su domicilio, ubicado en el barrio Itat\u00ed, cuando fue sorprendido por un canino perteneciente a un vecino, que lo mordi\u00f3 en la zona genital.<\/p>\n\n\n\n<p>El ni\u00f1o fue examinado por el m\u00e9dico de turno, quien confirm\u00f3 que presentaba una mordedura en la regi\u00f3n genital provocada por el animal. El menor fue derivado al Hospital 4 de Junio de Saenz Pe\u00f1a para realizarse estudios m\u00e1s complejos.&nbsp;<\/p>\n\n\n\n<p>Por razones de jurisdicci\u00f3n, se dio intervenci\u00f3n a la Comisar\u00eda Segunda de Charata, que avanzar\u00e1 con las actuaciones correspondientes para esclarecer el hecho.<\/p>\n\n\n\n<p>Fuente: El Movilero<\/p>\n","protected":false},"excerpt":{"rendered":"<p>03-May-26   Un preocupante episodio se registr\u00f3 en la noche del s\u00e1bado en la ciudad de Charata, cuando un ni\u00f1o de tan solo 4 a\u00f1os debi\u00f3 ser asistido de urgencia tras ser atacado por un perro mientras jugaba en la vereda de su casa.<\/p>\n","protected":false},"author":3,"featured_media":349490,"comment_status":"closed","ping_status":"closed","sticky":false,"template":"","format":"standard","meta":[],"categories":[103],"tags":[],"_links":{"self":[{"href":"http:\/\/www.noticiasdelparana.com.ar\/NuevaEdicion\/wp-json\/wp\/v2\/posts\/363921"}],"collection":[{"href":"http:\/\/www.noticiasdelparana.com.ar\/NuevaEdicion\/wp-json\/wp\/v2\/posts"}],"about":[{"href":"http:\/\/www.noticiasdelparana.com.ar\/NuevaEdicion\/wp-json\/wp\/v2\/types\/post"}],"author":[{"embeddable":true,"href":"http:\/\/www.noticiasdelparana.com.ar\/NuevaEdicion\/wp-json\/wp\/v2\/users\/3"}],"replies":[{"embeddable":true,"href":"http:\/\/www.noticiasdelparana.com.ar\/NuevaEdicion\/wp-json\/wp\/v2\/comments?post=363921"}],"version-history":[{"count":1,"href":"http:\/\/www.noticiasdelparana.com.ar\/NuevaEdicion\/wp-json\/wp\/v2\/posts\/363921\/revisions"}],"predecessor-version":[{"id":363922,"href":"http:\/\/www.noticiasdelparana.com.ar\/NuevaEdicion\/wp-json\/wp\/v2\/posts\/363921\/revisions\/363922"}],"wp:featuredmedia":[{"embeddable":true,"href":"http:\/\/www.noticiasdelparana.com.ar\/NuevaEdicion\/wp-json\/wp\/v2\/media\/349490"}],"wp:attachment":[{"href":"http:\/\/www.noticiasdelparana.com.ar\/NuevaEdicion\/wp-json\/wp\/v2\/media?parent=363921"}],"wp:term":[{"taxonomy":"category","embeddable":true,"href":"http:\/\/www.noticiasdelparana.com.ar\/NuevaEdicion\/wp-json\/wp\/v2\/categories?post=363921"},{"taxonomy":"post_tag","embeddable":true,"href":"http:\/\/www.noticiasdelparana.com.ar\/NuevaEdicion\/wp-json\/wp\/v2\/tags?post=363921"}],"curies":[{"name":"wp","href":"https:\/\/api.w.org\/{rel}","templated":true}]}}