{"id":363925,"date":"2026-05-03T09:53:38","date_gmt":"2026-05-03T12:53:38","guid":{"rendered":"http:\/\/www.noticiasdelparana.com.ar\/NuevaEdicion\/?p=363925"},"modified":"2026-05-03T09:57:40","modified_gmt":"2026-05-03T12:57:40","slug":"corrientes-trasladaron-al-penal-6-al-ginecologo-dahse-para-cumplir-su-cuso-sexual","status":"publish","type":"post","link":"http:\/\/www.noticiasdelparana.com.ar\/NuevaEdicion\/2026\/05\/03\/corrientes-trasladaron-al-penal-6-al-ginecologo-dahse-para-cumplir-su-cuso-sexual\/","title":{"rendered":"CORRIENTES: Trasladaron Al Penal 6 Al Ginec\u00f3logo Dahse Para Cumplir Su Condena Por Abuso Sexual"},"content":{"rendered":"\n<p>El ginec\u00f3logo Gerardo Alejandro Dahse fue trasladado este s\u00e1bado a la siesta a su centro de alojamiento definitivo en la Unidad Penal N\u00b0 6 de San Cayetano para cumplir con la pena que recibi\u00f3 de 7 a\u00f1os de prisi\u00f3n, por una condena por abuso sexual gravemente ultrajante.<\/p>\n\n\n\n<p>Pasadas las 14, un m\u00f3vil policial con una comitiva especial materializ\u00f3 el traslado del m\u00e9dico que el pasado jueves a la noche, decidi\u00f3 entregarse ante la Justicia al presentarse junto a su abogado ante la Comisar\u00eda Cuarta Urbana, donde pas\u00f3 sus primeras dos noches en prisi\u00f3n.<\/p>\n\n\n\n<p>Por directivas de la Oficina Judicial y luego del Oficio N\u00b0 451 de fecha 30 de abril del 2026, recibido por el Juzgado de Ejecuci\u00f3n de Penas, se procedi\u00f3 al cumplimiento de la orden de &#8220;inmediato traslado&#8221; del condenado, dispuesta por el Tribunal Oral Penal N\u00b0 1 de Corrientes.<\/p>\n\n\n\n<p>Dahse fue conducido a bordo del m\u00f3vil policial C-801 de la Comisar\u00eda Primera Urbana de Corrientes conducido por el sargento ayudante Sebastian Maciel a cargo del oficial ayudante Alexa Barrios, y junto al sargento ayudante Roberto Acu\u00f1a, seg\u00fan indicaron a El Litoral fuentes judiciales.<\/p>\n\n\n\n<p>De esta manera, el m\u00e9dico condenado, que adem\u00e1s recibi\u00f3 una inhabilitaci\u00f3n especial perpetua, comenz\u00f3 su derrotero tras las rejas, donde deber\u00e1 pasar los 7 a\u00f1os restantes de su vida.<\/p>\n\n\n\n<p>Juicio en puerta<\/p>\n\n\n\n<p>En paralelo, el Superior Tribunal de Justicia habilit\u00f3 la realizaci\u00f3n de un nuevo juicio oral por otro caso. En este expediente, Dahse est\u00e1 procesado por abuso sexual con acceso carnal contra una paciente que era menor de edad al momento de los he<\/p>\n","protected":false},"excerpt":{"rendered":"<p>03-May-26 Pasadas las 14, ingres\u00f3 a la c\u00e1rcel el hombre sentenciado de 7 a\u00f1os de reclusi\u00f3n.<\/p>\n","protected":false},"author":3,"featured_media":363926,"comment_status":"closed","ping_status":"closed","sticky":false,"template":"","format":"standard","meta":[],"categories":[139],"tags":[],"_links":{"self":[{"href":"http:\/\/www.noticiasdelparana.com.ar\/NuevaEdicion\/wp-json\/wp\/v2\/posts\/363925"}],"collection":[{"href":"http:\/\/www.noticiasdelparana.com.ar\/NuevaEdicion\/wp-json\/wp\/v2\/posts"}],"about":[{"href":"http:\/\/www.noticiasdelparana.com.ar\/NuevaEdicion\/wp-json\/wp\/v2\/types\/post"}],"author":[{"embeddable":true,"href":"http:\/\/www.noticiasdelparana.com.ar\/NuevaEdicion\/wp-json\/wp\/v2\/users\/3"}],"replies":[{"embeddable":true,"href":"http:\/\/www.noticiasdelparana.com.ar\/NuevaEdicion\/wp-json\/wp\/v2\/comments?post=363925"}],"version-history":[{"count":1,"href":"http:\/\/www.noticiasdelparana.com.ar\/NuevaEdicion\/wp-json\/wp\/v2\/posts\/363925\/revisions"}],"predecessor-version":[{"id":363927,"href":"http:\/\/www.noticiasdelparana.com.ar\/NuevaEdicion\/wp-json\/wp\/v2\/posts\/363925\/revisions\/363927"}],"wp:featuredmedia":[{"embeddable":true,"href":"http:\/\/www.noticiasdelparana.com.ar\/NuevaEdicion\/wp-json\/wp\/v2\/media\/363926"}],"wp:attachment":[{"href":"http:\/\/www.noticiasdelparana.com.ar\/NuevaEdicion\/wp-json\/wp\/v2\/media?parent=363925"}],"wp:term":[{"taxonomy":"category","embeddable":true,"href":"http:\/\/www.noticiasdelparana.com.ar\/NuevaEdicion\/wp-json\/wp\/v2\/categories?post=363925"},{"taxonomy":"post_tag","embeddable":true,"href":"http:\/\/www.noticiasdelparana.com.ar\/NuevaEdicion\/wp-json\/wp\/v2\/tags?post=363925"}],"curies":[{"name":"wp","href":"https:\/\/api.w.org\/{rel}","templated":true}]}}