{"id":363932,"date":"2026-05-03T10:07:56","date_gmt":"2026-05-03T13:07:56","guid":{"rendered":"http:\/\/www.noticiasdelparana.com.ar\/NuevaEdicion\/?p=363932"},"modified":"2026-05-03T10:08:00","modified_gmt":"2026-05-03T13:08:00","slug":"corrientes-en-diferentes-operativos-se-detuvo-a-personas-con-antecedentes","status":"publish","type":"post","link":"http:\/\/www.noticiasdelparana.com.ar\/NuevaEdicion\/2026\/05\/03\/corrientes-en-diferentes-operativos-se-detuvo-a-personas-con-antecedentes\/","title":{"rendered":"CORRIENTES: En Diferentes Operativos Se Detuvo A Personas Con Antecedentes"},"content":{"rendered":"\n<p>Efectivos del Comando Patrullas llevaron adelante diversos operativos de prevenci\u00f3n durante la madrugada del s\u00e1bado. En dos procedimientos distintos, los uniformados lograron la demora de tres personas que se encontraban merodeando y observando veh\u00edculos en la v\u00eda p\u00fablica.<\/p>\n\n\n\n<p>Procedimiento en Avenida Armenia<\/p>\n\n\n\n<p>En los primeros momentos luego de la madrugada, en la intersecci\u00f3n de Avenida Armenia y calle Estados Unidos, los efectivos identificaron a dos hombres mayores de edad.<\/p>\n\n\n\n<p>La demora se produjo tras observar que ambos se encontraban visualizando detenidamente los autom\u00f3viles estacionados en la zona, lo que motiv\u00f3 la intervenci\u00f3n policial preventiva.<\/p>\n\n\n\n<p>Demora en Avenida Pedro Ferr\u00e9 y antecedentes<\/p>\n\n\n\n<p>M\u00e1s tarde, en la misma franja horaria, el personal policial concret\u00f3 un segundo procedimiento en la esquina de Avenida Pedro Ferr\u00e9 y calle Gobernador Mart\u00edn Goitia.<\/p>\n\n\n\n<p>All\u00ed se demor\u00f3 a un hombre de 35 a\u00f1os. Tras las averiguaciones de rigor, se determin\u00f3 que el individuo pose\u00eda antecedentes delictivos por delitos contra la propiedad.<\/p>\n\n\n\n<p>En todos los casos, los demorados fueron trasladados a las comisar\u00edas correspondientes. All\u00ed se iniciaron las diligencias de cada caso para determinar su situaci\u00f3n y continuar con el proceso administrativo..<\/p>\n","protected":false},"excerpt":{"rendered":"<p>03-May-26 La Polic\u00eda de Corrientes inform\u00f3 que el s\u00e1bado realiz\u00f3 detenciones en la ciudad Capital, comprobando que los demorados ten\u00edan antecedentes.<\/p>\n","protected":false},"author":3,"featured_media":363933,"comment_status":"closed","ping_status":"closed","sticky":false,"template":"","format":"standard","meta":[],"categories":[139],"tags":[],"_links":{"self":[{"href":"http:\/\/www.noticiasdelparana.com.ar\/NuevaEdicion\/wp-json\/wp\/v2\/posts\/363932"}],"collection":[{"href":"http:\/\/www.noticiasdelparana.com.ar\/NuevaEdicion\/wp-json\/wp\/v2\/posts"}],"about":[{"href":"http:\/\/www.noticiasdelparana.com.ar\/NuevaEdicion\/wp-json\/wp\/v2\/types\/post"}],"author":[{"embeddable":true,"href":"http:\/\/www.noticiasdelparana.com.ar\/NuevaEdicion\/wp-json\/wp\/v2\/users\/3"}],"replies":[{"embeddable":true,"href":"http:\/\/www.noticiasdelparana.com.ar\/NuevaEdicion\/wp-json\/wp\/v2\/comments?post=363932"}],"version-history":[{"count":1,"href":"http:\/\/www.noticiasdelparana.com.ar\/NuevaEdicion\/wp-json\/wp\/v2\/posts\/363932\/revisions"}],"predecessor-version":[{"id":363934,"href":"http:\/\/www.noticiasdelparana.com.ar\/NuevaEdicion\/wp-json\/wp\/v2\/posts\/363932\/revisions\/363934"}],"wp:featuredmedia":[{"embeddable":true,"href":"http:\/\/www.noticiasdelparana.com.ar\/NuevaEdicion\/wp-json\/wp\/v2\/media\/363933"}],"wp:attachment":[{"href":"http:\/\/www.noticiasdelparana.com.ar\/NuevaEdicion\/wp-json\/wp\/v2\/media?parent=363932"}],"wp:term":[{"taxonomy":"category","embeddable":true,"href":"http:\/\/www.noticiasdelparana.com.ar\/NuevaEdicion\/wp-json\/wp\/v2\/categories?post=363932"},{"taxonomy":"post_tag","embeddable":true,"href":"http:\/\/www.noticiasdelparana.com.ar\/NuevaEdicion\/wp-json\/wp\/v2\/tags?post=363932"}],"curies":[{"name":"wp","href":"https:\/\/api.w.org\/{rel}","templated":true}]}}