{"id":363939,"date":"2026-05-03T10:17:03","date_gmt":"2026-05-03T13:17:03","guid":{"rendered":"http:\/\/www.noticiasdelparana.com.ar\/NuevaEdicion\/?p=363939"},"modified":"2026-05-03T10:17:05","modified_gmt":"2026-05-03T13:17:05","slug":"corrientes-secuestran-180-kilos-de-carne-de-faena-clandestina-en-la-provincia","status":"publish","type":"post","link":"http:\/\/www.noticiasdelparana.com.ar\/NuevaEdicion\/2026\/05\/03\/corrientes-secuestran-180-kilos-de-carne-de-faena-clandestina-en-la-provincia\/","title":{"rendered":"CORRIENTES: Secuestran 180 Kilos De Carne De Faena Clandestina En La Provincia"},"content":{"rendered":"\n<p>En un nuevo golpe contra el abigeato y la faena clandestina, efectivos de la Unidad Especial de Seguridad Rural y Ecol\u00f3gica interceptaron un cargamento irregular de carne bovina durante un operativo de prevenci\u00f3n en la zona de Tres Capones, en el \u00e1rea rural de Gobernador Virasoro.<\/p>\n\n\n\n<p>La intervenci\u00f3n tuvo lugar sobre un camino vecinal, donde el personal policial identific\u00f3 a un autom\u00f3vil Volkswagen Gol y al realizar la requisa correspondiente, hallaron en el ba\u00fal del veh\u00edculo varias bolsas que conten\u00edan cortes c\u00e1rnicos de reciente faena, incluyendo cuartos, costillares y cogotes.<\/p>\n\n\n\n<p>El cargamento, que arroj\u00f3 un peso aproximado de 180 kilogramos, carec\u00eda de cualquier tipo de documentaci\u00f3n que acreditara su origen l\u00edcito, as\u00ed como de las condiciones sanitarias m\u00ednimas exigidas para el transporte de alimentos.Investigaci\u00f3n en curso.<\/p>\n\n\n\n<p>El conductor, un joven de 25 a\u00f1os, dio una versi\u00f3n particular a las autoridades: asegur\u00f3 que la carne le hab\u00eda sido entregada por un tercero como parte de pago, al parecer por un trabajo. Sin embargo, debido a la falta de comprobantes y al riesgo sanitario, la Fiscal\u00eda en turno orden\u00f3 el secuestro preventivo tanto de la carne como del autom\u00f3vil.<\/p>\n\n\n\n<p>Tras cumplimentar las diligencias de rigor, el involucrado recuper\u00f3 la libertad, aunque qued\u00f3 supeditado a una causa por supuesta infracci\u00f3n al art\u00edculo 206 del C\u00f3digo Penal (violaci\u00f3n de leyes de polic\u00eda sanitaria animal) y bajo investigaci\u00f3n por posible delito de abigeato.<\/p>\n","protected":false},"excerpt":{"rendered":"<p>03-May-26 El cargamento era transportado en el ba\u00fal de un autom\u00f3vil particular<\/p>\n","protected":false},"author":3,"featured_media":363942,"comment_status":"closed","ping_status":"closed","sticky":false,"template":"","format":"standard","meta":[],"categories":[139],"tags":[],"_links":{"self":[{"href":"http:\/\/www.noticiasdelparana.com.ar\/NuevaEdicion\/wp-json\/wp\/v2\/posts\/363939"}],"collection":[{"href":"http:\/\/www.noticiasdelparana.com.ar\/NuevaEdicion\/wp-json\/wp\/v2\/posts"}],"about":[{"href":"http:\/\/www.noticiasdelparana.com.ar\/NuevaEdicion\/wp-json\/wp\/v2\/types\/post"}],"author":[{"embeddable":true,"href":"http:\/\/www.noticiasdelparana.com.ar\/NuevaEdicion\/wp-json\/wp\/v2\/users\/3"}],"replies":[{"embeddable":true,"href":"http:\/\/www.noticiasdelparana.com.ar\/NuevaEdicion\/wp-json\/wp\/v2\/comments?post=363939"}],"version-history":[{"count":1,"href":"http:\/\/www.noticiasdelparana.com.ar\/NuevaEdicion\/wp-json\/wp\/v2\/posts\/363939\/revisions"}],"predecessor-version":[{"id":363943,"href":"http:\/\/www.noticiasdelparana.com.ar\/NuevaEdicion\/wp-json\/wp\/v2\/posts\/363939\/revisions\/363943"}],"wp:featuredmedia":[{"embeddable":true,"href":"http:\/\/www.noticiasdelparana.com.ar\/NuevaEdicion\/wp-json\/wp\/v2\/media\/363942"}],"wp:attachment":[{"href":"http:\/\/www.noticiasdelparana.com.ar\/NuevaEdicion\/wp-json\/wp\/v2\/media?parent=363939"}],"wp:term":[{"taxonomy":"category","embeddable":true,"href":"http:\/\/www.noticiasdelparana.com.ar\/NuevaEdicion\/wp-json\/wp\/v2\/categories?post=363939"},{"taxonomy":"post_tag","embeddable":true,"href":"http:\/\/www.noticiasdelparana.com.ar\/NuevaEdicion\/wp-json\/wp\/v2\/tags?post=363939"}],"curies":[{"name":"wp","href":"https:\/\/api.w.org\/{rel}","templated":true}]}}