{"id":363944,"date":"2026-05-03T10:23:09","date_gmt":"2026-05-03T13:23:09","guid":{"rendered":"http:\/\/www.noticiasdelparana.com.ar\/NuevaEdicion\/?p=363944"},"modified":"2026-05-03T10:23:12","modified_gmt":"2026-05-03T13:23:12","slug":"corrientes-tras-persecucion-detienen-a-cazadores-que-intentaron-huir-de-la-policia","status":"publish","type":"post","link":"http:\/\/www.noticiasdelparana.com.ar\/NuevaEdicion\/2026\/05\/03\/corrientes-tras-persecucion-detienen-a-cazadores-que-intentaron-huir-de-la-policia\/","title":{"rendered":"CORRIENTES: Tras Persecuci\u00f3n, Detienen A Cazadores Que Intentaron Huir De La Polic\u00eda"},"content":{"rendered":"\n<p>En el marco de operativos de control sobre rutas provinciales, personal de la Unidad Especial de Seguridad Rural y Ecol\u00f3gica de Monte Caseros intercept\u00f3 un veh\u00edculo cuyos ocupantes intentaron evadir la presencia policial.&nbsp;<\/p>\n\n\n\n<p>El procedimiento se realiz\u00f3 la noche del viernes en la intersecci\u00f3n de las rutas provinciales N\u00b0 129 y 25, cuando los efectivos observaron una camioneta que detuvo su marcha y realiz\u00f3 una maniobra evasiva, lo que deriv\u00f3 en un seguimiento controlado que finaliz\u00f3 con la interceptaci\u00f3n del rodado en inmediaciones de la calle 14.<\/p>\n\n\n\n<p>Al identificar a los ocupantes, dos hombres mayores de edad y un menor, los uniformados constataron que transportaban un rifle calibre 22 sin la documentaci\u00f3n legal correspondiente, adem\u00e1s de tres perros y una liebre sin vida, evidencias compatibles con la actividad de caza furtiva.<\/p>\n\n\n\n<p>Ante esta situaci\u00f3n, se dio intervenci\u00f3n al fiscal en turno, quien dispuso el inicio de actuaciones en flagrancia por supuesta tenencia ilegal de arma de fuego.&nbsp;<\/p>\n\n\n\n<p>Como resultado, las autoridades procedieron al secuestro preventivo del veh\u00edculo, el arma y los dem\u00e1s elementos vinculados al hecho. Los dos adultos fueron aprehendidos y trasladados a la Comisar\u00eda Primera, mientras que el menor de edad fue entregado a sus progenitores tras las diligencias de rigor.<\/p>\n","protected":false},"excerpt":{"rendered":"<p>03-May-26 Le iniciaron causa en flagrancia por tenencia ilegal de arma de fuego<\/p>\n","protected":false},"author":3,"featured_media":363945,"comment_status":"closed","ping_status":"closed","sticky":false,"template":"","format":"standard","meta":[],"categories":[139],"tags":[],"_links":{"self":[{"href":"http:\/\/www.noticiasdelparana.com.ar\/NuevaEdicion\/wp-json\/wp\/v2\/posts\/363944"}],"collection":[{"href":"http:\/\/www.noticiasdelparana.com.ar\/NuevaEdicion\/wp-json\/wp\/v2\/posts"}],"about":[{"href":"http:\/\/www.noticiasdelparana.com.ar\/NuevaEdicion\/wp-json\/wp\/v2\/types\/post"}],"author":[{"embeddable":true,"href":"http:\/\/www.noticiasdelparana.com.ar\/NuevaEdicion\/wp-json\/wp\/v2\/users\/3"}],"replies":[{"embeddable":true,"href":"http:\/\/www.noticiasdelparana.com.ar\/NuevaEdicion\/wp-json\/wp\/v2\/comments?post=363944"}],"version-history":[{"count":1,"href":"http:\/\/www.noticiasdelparana.com.ar\/NuevaEdicion\/wp-json\/wp\/v2\/posts\/363944\/revisions"}],"predecessor-version":[{"id":363946,"href":"http:\/\/www.noticiasdelparana.com.ar\/NuevaEdicion\/wp-json\/wp\/v2\/posts\/363944\/revisions\/363946"}],"wp:featuredmedia":[{"embeddable":true,"href":"http:\/\/www.noticiasdelparana.com.ar\/NuevaEdicion\/wp-json\/wp\/v2\/media\/363945"}],"wp:attachment":[{"href":"http:\/\/www.noticiasdelparana.com.ar\/NuevaEdicion\/wp-json\/wp\/v2\/media?parent=363944"}],"wp:term":[{"taxonomy":"category","embeddable":true,"href":"http:\/\/www.noticiasdelparana.com.ar\/NuevaEdicion\/wp-json\/wp\/v2\/categories?post=363944"},{"taxonomy":"post_tag","embeddable":true,"href":"http:\/\/www.noticiasdelparana.com.ar\/NuevaEdicion\/wp-json\/wp\/v2\/tags?post=363944"}],"curies":[{"name":"wp","href":"https:\/\/api.w.org\/{rel}","templated":true}]}}