{"id":363951,"date":"2026-05-03T10:47:40","date_gmt":"2026-05-03T13:47:40","guid":{"rendered":"http:\/\/www.noticiasdelparana.com.ar\/NuevaEdicion\/?p=363951"},"modified":"2026-05-03T10:47:42","modified_gmt":"2026-05-03T13:47:42","slug":"chaco-el-acueducto-ya-opera-con-normalidad-tras-la-reparacion-del-tramo-critico-y-continuan-tareas-complementarias","status":"publish","type":"post","link":"http:\/\/www.noticiasdelparana.com.ar\/NuevaEdicion\/2026\/05\/03\/chaco-el-acueducto-ya-opera-con-normalidad-tras-la-reparacion-del-tramo-critico-y-continuan-tareas-complementarias\/","title":{"rendered":"CHACO: El Acueducto Ya Opera Con Normalidad Tras La Reparaci\u00f3n Del Tramo Cr\u00edtico Y Contin\u00faan Tareas Complementarias"},"content":{"rendered":"\n<p>No obstante, indicaron que resta completar una intervenci\u00f3n menor sobre una abrazadera que a\u00fan presenta p\u00e9rdidas. Este trabajo continuar\u00e1 entre el lunes y martes, sin afectar el funcionamiento general del sistema, ya que el acueducto se encuentra operativo y el agua continuar\u00e1 circulando con normalidad.<\/p>\n\n\n\n<p>Tras dos d\u00edas de intensa labor, que incluy\u00f3 tambi\u00e9n el D\u00eda del Trabajador, la empresa Sameep concluy\u00f3 la mayor parte de la reparaci\u00f3n del Primer Acueducto del Interior y comenz\u00f3 la normalizaci\u00f3n progresiva del servicio de agua potable en distintas localidades afectadas. Las tareas incluyeron la instalaci\u00f3n de abrazaderas met\u00e1licas y la soldadura de bridas en la ca\u00f1er\u00eda principal, acciones fundamentales para garantizar la integridad del sistema.<\/p>\n\n\n\n<p>Los trabajos se llevaron adelante en una ca\u00f1er\u00eda ubicada a la vera del puente R\u00edo Negro, en la localidad de Barranqueras, y finalizaron alrededor de la 1 de la madrugada de este domingo. La intervenci\u00f3n demand\u00f3 m\u00e1s tiempo del previsto debido a las dificultades del terreno y la magnitud de las tareas ejecutadas.<\/p>\n\n\n\n<p>Como consecuencia de estas acciones, se vieron afectadas en el suministro las localidades de Puerto Tirol, Puerto Bastiani, Colonia Popular, Lapachito, La Verde, La Escondida, Presidencia de la Plaza, Machagai y Quitilipi. Desde Sameep informaron que el servicio comienza a restablecerse de manera progresiva en todas las zonas.<\/p>\n\n\n\n<p>El presidente de Sameep, Nicol\u00e1s Diez, destac\u00f3 la importancia de la intervenci\u00f3n y el compromiso del personal: \u201cSe trat\u00f3 de una reparaci\u00f3n clave para el sistema de distribuci\u00f3n de agua potable. Sabemos que estos trabajos generan inconvenientes, pero son necesarios para mejorar la calidad y continuidad del servicio. Quiero resaltar especialmente el esfuerzo de nuestros trabajadores, que actuaron con gran profesionalismo\u201d.<\/p>\n\n\n\n<p>Por su parte, el jefe del Departamento Acueductos, Germ\u00e1n Ojeda, precis\u00f3: \u201cSe realiz\u00f3 la colocaci\u00f3n de abrazaderas met\u00e1licas y la soldadura de una brida en un tramo cr\u00edtico del acueducto. Estas tareas permiten reforzar la estructura y prevenir futuras p\u00e9rdidas o fallas\u201d.<\/p>\n\n\n\n<p>Finalmente, desde Sameep agradecieron la comprensi\u00f3n de los usuarios durante el desarrollo de los trabajos y ratificaron el compromiso de continuar ejecutando acciones para mejorar la calidad del servicio en toda la provincia.<\/p>\n","protected":false},"excerpt":{"rendered":"<p>03-May-26 Desde la empresa informaron que se logr\u00f3 subsanar con \u00e9xito la gran p\u00e9rdida registrada en el acueducto, resolviendo el tramo cr\u00edtico que generaba la principal afectaci\u00f3n del suministro. <\/p>\n","protected":false},"author":3,"featured_media":363952,"comment_status":"closed","ping_status":"closed","sticky":false,"template":"","format":"standard","meta":[],"categories":[98],"tags":[],"_links":{"self":[{"href":"http:\/\/www.noticiasdelparana.com.ar\/NuevaEdicion\/wp-json\/wp\/v2\/posts\/363951"}],"collection":[{"href":"http:\/\/www.noticiasdelparana.com.ar\/NuevaEdicion\/wp-json\/wp\/v2\/posts"}],"about":[{"href":"http:\/\/www.noticiasdelparana.com.ar\/NuevaEdicion\/wp-json\/wp\/v2\/types\/post"}],"author":[{"embeddable":true,"href":"http:\/\/www.noticiasdelparana.com.ar\/NuevaEdicion\/wp-json\/wp\/v2\/users\/3"}],"replies":[{"embeddable":true,"href":"http:\/\/www.noticiasdelparana.com.ar\/NuevaEdicion\/wp-json\/wp\/v2\/comments?post=363951"}],"version-history":[{"count":1,"href":"http:\/\/www.noticiasdelparana.com.ar\/NuevaEdicion\/wp-json\/wp\/v2\/posts\/363951\/revisions"}],"predecessor-version":[{"id":363953,"href":"http:\/\/www.noticiasdelparana.com.ar\/NuevaEdicion\/wp-json\/wp\/v2\/posts\/363951\/revisions\/363953"}],"wp:featuredmedia":[{"embeddable":true,"href":"http:\/\/www.noticiasdelparana.com.ar\/NuevaEdicion\/wp-json\/wp\/v2\/media\/363952"}],"wp:attachment":[{"href":"http:\/\/www.noticiasdelparana.com.ar\/NuevaEdicion\/wp-json\/wp\/v2\/media?parent=363951"}],"wp:term":[{"taxonomy":"category","embeddable":true,"href":"http:\/\/www.noticiasdelparana.com.ar\/NuevaEdicion\/wp-json\/wp\/v2\/categories?post=363951"},{"taxonomy":"post_tag","embeddable":true,"href":"http:\/\/www.noticiasdelparana.com.ar\/NuevaEdicion\/wp-json\/wp\/v2\/tags?post=363951"}],"curies":[{"name":"wp","href":"https:\/\/api.w.org\/{rel}","templated":true}]}}