{"id":382589,"date":"2026-09-03T08:33:49","date_gmt":"2026-09-03T11:33:49","guid":{"rendered":"http:\/\/www.noticiasdelparana.com.ar\/NuevaEdicion\/?p=382589"},"modified":"2026-09-03T08:33:55","modified_gmt":"2026-09-03T11:33:55","slug":"puerto-vilelas-marcelo-colo-gonzalez-recorrio-el-tacuari-y-anuncio-la-reparacion-de-la-defensa-para-prevenir-inundaciones","status":"publish","type":"post","link":"http:\/\/www.noticiasdelparana.com.ar\/NuevaEdicion\/2026\/09\/03\/puerto-vilelas-marcelo-colo-gonzalez-recorrio-el-tacuari-y-anuncio-la-reparacion-de-la-defensa-para-prevenir-inundaciones\/","title":{"rendered":"PUERTO VILELAS: Marcelo \u201cColo\u201d Gonz\u00e1lez Recorri\u00f3 &#8220;El Tacuar\u00ed&#8221;  Y Anunci\u00f3 La Reparaci\u00f3n De La Defensa Para Prevenir Inundaciones"},"content":{"rendered":"\n<p>Durante la recorrida, uno de los principales temas abordados fue el estado del cord\u00f3n de protecci\u00f3n que resguarda al paraje ante posibles inundaciones. En el marco de las acciones de prevenci\u00f3n y preparaci\u00f3n ante el fen\u00f3meno de El Ni\u00f1o, el jefe comunal anunci\u00f3 que el pr\u00f3ximo lunes comenzar\u00e1n los trabajos para avanzar en su reparaci\u00f3n.<\/p>\n\n\n\n<p>La intervenci\u00f3n ser\u00e1 realizada con maquinarias, camiones y personal de Obras P\u00fablicas del Municipio, utilizando recursos propios, con el objetivo de fortalecer esta estructura y avanzar hacia una protecci\u00f3n definitiva que permita resguardar a las familias de Tacuar\u00ed.<\/p>\n\n\n\n<p>La visita permiti\u00f3 adem\u00e1s observar en territorio las condiciones de la infraestructura y de distintos sectores del paraje, en contacto directo con los vecinos.<\/p>\n\n\n\n<p>La recorrida se enmarca en la pol\u00edtica de prevenci\u00f3n que el Municipio de Puerto Vilelas viene desarrollando, con acciones destinadas a anticiparse a posibles eventos clim\u00e1ticos y fortalecer las condiciones de seguridad de las comunidades, especialmente de aquellas ubicadas en zonas m\u00e1s expuestas.<\/p>\n\n\n\n<p>De esta manera, el Municipio reafirma su decisi\u00f3n de estar presente en cada sector de la localidad, avanzando con obras&nbsp; que permitan anticiparse a situaciones de emergencia y brindar mayor protecci\u00f3n a las familias y su entorno.<\/p>\n","protected":false},"excerpt":{"rendered":"<p>03-Sep-26 El intendente de Puerto Vilelas, Marcelo \u201cColo\u201d Gonz\u00e1lez, recorri\u00f3 el Paraje Tacuar\u00ed, ubicado en la zona rural y a unos 40 kil\u00f3metros del casco urbano de Pto Vilelas, donde mantuvo un encuentro con vecinos y escuch\u00f3 de primera mano las necesidades de la comunidad.<\/p>\n","protected":false},"author":3,"featured_media":382590,"comment_status":"closed","ping_status":"closed","sticky":false,"template":"","format":"standard","meta":[],"categories":[108,101],"tags":[],"_links":{"self":[{"href":"http:\/\/www.noticiasdelparana.com.ar\/NuevaEdicion\/wp-json\/wp\/v2\/posts\/382589"}],"collection":[{"href":"http:\/\/www.noticiasdelparana.com.ar\/NuevaEdicion\/wp-json\/wp\/v2\/posts"}],"about":[{"href":"http:\/\/www.noticiasdelparana.com.ar\/NuevaEdicion\/wp-json\/wp\/v2\/types\/post"}],"author":[{"embeddable":true,"href":"http:\/\/www.noticiasdelparana.com.ar\/NuevaEdicion\/wp-json\/wp\/v2\/users\/3"}],"replies":[{"embeddable":true,"href":"http:\/\/www.noticiasdelparana.com.ar\/NuevaEdicion\/wp-json\/wp\/v2\/comments?post=382589"}],"version-history":[{"count":1,"href":"http:\/\/www.noticiasdelparana.com.ar\/NuevaEdicion\/wp-json\/wp\/v2\/posts\/382589\/revisions"}],"predecessor-version":[{"id":382591,"href":"http:\/\/www.noticiasdelparana.com.ar\/NuevaEdicion\/wp-json\/wp\/v2\/posts\/382589\/revisions\/382591"}],"wp:featuredmedia":[{"embeddable":true,"href":"http:\/\/www.noticiasdelparana.com.ar\/NuevaEdicion\/wp-json\/wp\/v2\/media\/382590"}],"wp:attachment":[{"href":"http:\/\/www.noticiasdelparana.com.ar\/NuevaEdicion\/wp-json\/wp\/v2\/media?parent=382589"}],"wp:term":[{"taxonomy":"category","embeddable":true,"href":"http:\/\/www.noticiasdelparana.com.ar\/NuevaEdicion\/wp-json\/wp\/v2\/categories?post=382589"},{"taxonomy":"post_tag","embeddable":true,"href":"http:\/\/www.noticiasdelparana.com.ar\/NuevaEdicion\/wp-json\/wp\/v2\/tags?post=382589"}],"curies":[{"name":"wp","href":"https:\/\/api.w.org\/{rel}","templated":true}]}}