{"id":382592,"date":"2026-09-03T08:42:49","date_gmt":"2026-09-03T11:42:49","guid":{"rendered":"http:\/\/www.noticiasdelparana.com.ar\/NuevaEdicion\/?p=382592"},"modified":"2026-09-03T08:42:55","modified_gmt":"2026-09-03T11:42:55","slug":"barranqueras-celebraran-el-dia-del-nino-este-sabado-en-plaza-sarmiento","status":"publish","type":"post","link":"http:\/\/www.noticiasdelparana.com.ar\/NuevaEdicion\/2026\/09\/03\/barranqueras-celebraran-el-dia-del-nino-este-sabado-en-plaza-sarmiento\/","title":{"rendered":"BARRANQUERAS: Celebrar\u00e1n El D\u00eda Del Ni\u00f1o Este S\u00e1bado En Plaza Sarmiento"},"content":{"rendered":"\n<p>La jornada estar\u00e1 destinada a las familias de la ciudad y contar\u00e1 con una amplia variedad de actividades recreativas para los m\u00e1s peque\u00f1os. Entre las propuestas previstas se encuentran camas el\u00e1sticas, inflables, castillos, stands de juegos, m\u00fasica en vivo, sorteos y numerosas sorpresas.<\/p>\n\n\n\n<p>Adem\u00e1s, se compartir\u00e1 una gran chocolatada comunitaria, por lo que se solicita a los asistentes llevar su propia taza para disfrutar de la merienda junto a familiares y amigos.<\/p>\n\n\n\n<p>Desde la la comuna destacaron que el objetivo es brindar un espacio de encuentro, diversi\u00f3n y recreaci\u00f3n para celebrar a los ni\u00f1os y ni\u00f1as de Barranqueras, promoviendo una tarde de alegr\u00eda y convivencia comunitaria.<\/p>\n\n\n\n<p>La invitaci\u00f3n es abierta y gratuita para todas las familias que deseen sumarse a esta celebraci\u00f3n especial, que promete convertirse en una jornada llena de entretenimiento y momentos inolvidables para los m\u00e1s peque\u00f1os.<\/p>\n","protected":false},"excerpt":{"rendered":"<p>03-Sep-26  La Municipalidad de Barranqueras invita a toda la comunidad a participar de los festejos por el D\u00eda del Ni\u00f1o, que se realizar\u00e1n el pr\u00f3ximo s\u00e1bado 5 de septiembre a partir de las 15 horas en la Plaza Sarmiento.<\/p>\n","protected":false},"author":3,"featured_media":382596,"comment_status":"closed","ping_status":"closed","sticky":false,"template":"","format":"standard","meta":[],"categories":[99,108],"tags":[],"_links":{"self":[{"href":"http:\/\/www.noticiasdelparana.com.ar\/NuevaEdicion\/wp-json\/wp\/v2\/posts\/382592"}],"collection":[{"href":"http:\/\/www.noticiasdelparana.com.ar\/NuevaEdicion\/wp-json\/wp\/v2\/posts"}],"about":[{"href":"http:\/\/www.noticiasdelparana.com.ar\/NuevaEdicion\/wp-json\/wp\/v2\/types\/post"}],"author":[{"embeddable":true,"href":"http:\/\/www.noticiasdelparana.com.ar\/NuevaEdicion\/wp-json\/wp\/v2\/users\/3"}],"replies":[{"embeddable":true,"href":"http:\/\/www.noticiasdelparana.com.ar\/NuevaEdicion\/wp-json\/wp\/v2\/comments?post=382592"}],"version-history":[{"count":1,"href":"http:\/\/www.noticiasdelparana.com.ar\/NuevaEdicion\/wp-json\/wp\/v2\/posts\/382592\/revisions"}],"predecessor-version":[{"id":382597,"href":"http:\/\/www.noticiasdelparana.com.ar\/NuevaEdicion\/wp-json\/wp\/v2\/posts\/382592\/revisions\/382597"}],"wp:featuredmedia":[{"embeddable":true,"href":"http:\/\/www.noticiasdelparana.com.ar\/NuevaEdicion\/wp-json\/wp\/v2\/media\/382596"}],"wp:attachment":[{"href":"http:\/\/www.noticiasdelparana.com.ar\/NuevaEdicion\/wp-json\/wp\/v2\/media?parent=382592"}],"wp:term":[{"taxonomy":"category","embeddable":true,"href":"http:\/\/www.noticiasdelparana.com.ar\/NuevaEdicion\/wp-json\/wp\/v2\/categories?post=382592"},{"taxonomy":"post_tag","embeddable":true,"href":"http:\/\/www.noticiasdelparana.com.ar\/NuevaEdicion\/wp-json\/wp\/v2\/tags?post=382592"}],"curies":[{"name":"wp","href":"https:\/\/api.w.org\/{rel}","templated":true}]}}