{"id":382593,"date":"2026-09-03T08:41:08","date_gmt":"2026-09-03T11:41:08","guid":{"rendered":"http:\/\/www.noticiasdelparana.com.ar\/NuevaEdicion\/?p=382593"},"modified":"2026-09-03T08:41:12","modified_gmt":"2026-09-03T11:41:12","slug":"chaco-sameep-reparara-un-cano-de-agua-potable-de-106-anos-que-abastece-a-la-cisterna-central-de-resistencia","status":"publish","type":"post","link":"http:\/\/www.noticiasdelparana.com.ar\/NuevaEdicion\/2026\/09\/03\/chaco-sameep-reparara-un-cano-de-agua-potable-de-106-anos-que-abastece-a-la-cisterna-central-de-resistencia\/","title":{"rendered":"CHACO: Sameep Reparar\u00e1 Un Ca\u00f1o De Agua Potable De 106 A\u00f1os Que Abastece A La Cisterna Central De Resistencia"},"content":{"rendered":"\n<p>Sameep llevar\u00e1 adelante una importante intervenci\u00f3n sobre una ca\u00f1er\u00eda principal de hierro fundido ubicada sobre avenida Las Heras, entre las alturas 300 y 400, en Resistencia. Se trata de una infraestructura que data del a\u00f1o 1920 y que constituye parte del hist\u00f3rico sistema de distribuci\u00f3n de agua potable de la ciudad.<\/p>\n\n\n\n<p>Los trabajos preliminares comenzar\u00e1n este jueves por la ma\u00f1ana, mientras que el viernes se ejecutar\u00e1n las tareas centrales de reparaci\u00f3n. Para concretar la intervenci\u00f3n, Sameep mand\u00f3 a fabricar especialmente una pieza debido a las caracter\u00edsticas particulares y la antig\u00fcedad de la ca\u00f1er\u00eda.<\/p>\n\n\n\n<p>El conducto intervenido es una ca\u00f1er\u00eda principal que deriva agua hacia la Cisterna Central de Resistencia, ubicada en el predio de avenida Las Heras y 9 de Julio, desde donde se abastece a un importante sector de la ciudad.<\/p>\n\n\n\n<p>El presidente de Sameep, Nicol\u00e1s Diez, destac\u00f3 la importancia de la obra y explic\u00f3 que \u201cse trata de un trabajo complejo, debido a las caracter\u00edsticas y antig\u00fcedad de esta ca\u00f1er\u00eda, que forma parte de la infraestructura hist\u00f3rica de nuestra ciudad. Para poder realizar la reparaci\u00f3n fue necesario fabricar especialmente una pieza que permita intervenir y recuperar el correcto funcionamiento de este conducto principal\u201d, agreg\u00f3.<\/p>\n\n\n\n<p>Por su parte, el gerente de Servicios, Maximiliano San Mart\u00edn, detall\u00f3 que la intervenci\u00f3n demanda un importante despliegue t\u00e9cnico y operativo debido tanto a las caracter\u00edsticas de la ca\u00f1er\u00eda como a las condiciones del lugar.<\/p>\n\n\n\n<p>\u201cEstamos trabajando sobre un ca\u00f1o que abastece a la Cisterna Central de Resistencia y que se encuentra a unos 2,20 metros de profundidad. Adem\u00e1s, sobre esta ca\u00f1er\u00eda existen otros conductos de 160 mil\u00edmetros, desag\u00fces y cables de tendido el\u00e9ctrico, lo que hace que la intervenci\u00f3n requiera una planificaci\u00f3n y un trabajo cuidadoso\u201d, explic\u00f3.<\/p>\n\n\n\n<p>USO RESPONSABLE DEL AGUA<\/p>\n\n\n\n<p>Desde Sameep se recomienda a los usuarios del microcentro y macrocentro tomar las previsiones necesarias y realizar un uso responsable y racional del agua potable durante el desarrollo de los trabajos.<\/p>\n\n\n\n<p>La intervenci\u00f3n tendr\u00e1 una duraci\u00f3n estimada de 36 horas, per\u00edodo durante el cual podr\u00edan registrarse modificaciones en el normal funcionamiento del servicio en sectores vinculados al sistema intervenido.<\/p>\n\n\n\n<p>TRABAJO COORDINADO CON EL MUNICIPIO<\/p>\n\n\n\n<p>Debido a que los trabajos se realizar\u00e1n sobre una de las principales arterias de Resistencia, Sameep coordina las tareas con el Municipio de Resistencia, con el objetivo de organizar el operativo y minimizar las complicaciones para la circulaci\u00f3n vehicular.<\/p>\n\n\n\n<p>La intervenci\u00f3n permitir\u00e1 avanzar en la recuperaci\u00f3n y puesta en condiciones de una pieza clave de la hist\u00f3rica infraestructura de distribuci\u00f3n de agua potable de la capital chaque\u00f1a.<\/p>\n","protected":false},"excerpt":{"rendered":"<p>03-Sept-26 Los trabajos preliminares comenzar\u00e1n este jueves y la reparaci\u00f3n principal se realizar\u00e1 el viernes. La intervenci\u00f3n se extender\u00e1 durante unas 36 horas y se recomienda hacer un uso racional del agua en el microcentro y macrocentro de Resistencia.<\/p>\n","protected":false},"author":4,"featured_media":382594,"comment_status":"closed","ping_status":"closed","sticky":false,"template":"","format":"standard","meta":[],"categories":[98],"tags":[],"_links":{"self":[{"href":"http:\/\/www.noticiasdelparana.com.ar\/NuevaEdicion\/wp-json\/wp\/v2\/posts\/382593"}],"collection":[{"href":"http:\/\/www.noticiasdelparana.com.ar\/NuevaEdicion\/wp-json\/wp\/v2\/posts"}],"about":[{"href":"http:\/\/www.noticiasdelparana.com.ar\/NuevaEdicion\/wp-json\/wp\/v2\/types\/post"}],"author":[{"embeddable":true,"href":"http:\/\/www.noticiasdelparana.com.ar\/NuevaEdicion\/wp-json\/wp\/v2\/users\/4"}],"replies":[{"embeddable":true,"href":"http:\/\/www.noticiasdelparana.com.ar\/NuevaEdicion\/wp-json\/wp\/v2\/comments?post=382593"}],"version-history":[{"count":1,"href":"http:\/\/www.noticiasdelparana.com.ar\/NuevaEdicion\/wp-json\/wp\/v2\/posts\/382593\/revisions"}],"predecessor-version":[{"id":382595,"href":"http:\/\/www.noticiasdelparana.com.ar\/NuevaEdicion\/wp-json\/wp\/v2\/posts\/382593\/revisions\/382595"}],"wp:featuredmedia":[{"embeddable":true,"href":"http:\/\/www.noticiasdelparana.com.ar\/NuevaEdicion\/wp-json\/wp\/v2\/media\/382594"}],"wp:attachment":[{"href":"http:\/\/www.noticiasdelparana.com.ar\/NuevaEdicion\/wp-json\/wp\/v2\/media?parent=382593"}],"wp:term":[{"taxonomy":"category","embeddable":true,"href":"http:\/\/www.noticiasdelparana.com.ar\/NuevaEdicion\/wp-json\/wp\/v2\/categories?post=382593"},{"taxonomy":"post_tag","embeddable":true,"href":"http:\/\/www.noticiasdelparana.com.ar\/NuevaEdicion\/wp-json\/wp\/v2\/tags?post=382593"}],"curies":[{"name":"wp","href":"https:\/\/api.w.org\/{rel}","templated":true}]}}