{"id":382599,"date":"2026-09-03T08:53:03","date_gmt":"2026-09-03T11:53:03","guid":{"rendered":"http:\/\/www.noticiasdelparana.com.ar\/NuevaEdicion\/?p=382599"},"modified":"2026-09-03T08:53:10","modified_gmt":"2026-09-03T11:53:10","slug":"barranqueras-orgullo-barranquereno-en-la-feria-de-ciencias","status":"publish","type":"post","link":"http:\/\/www.noticiasdelparana.com.ar\/NuevaEdicion\/2026\/09\/03\/barranqueras-orgullo-barranquereno-en-la-feria-de-ciencias\/","title":{"rendered":"BARRANQUERAS: Orgullo barranquere\u00f1o en la Feria de Ciencias"},"content":{"rendered":"\n<p>La propuesta, desarrollada por estudiantes de la orientaci\u00f3n Econom\u00eda, busca promover una alimentaci\u00f3n saludable entre los j\u00f3venes, especialmente aquellos que realizan actividades deportivas y muchas veces no incorporan los nutrientes necesarios para un buen rendimiento f\u00edsico.<\/p>\n\n\n\n<p>Durante la instancia provincial, el alumno Benjam\u00edn Cardozo, de 3.\u00ba a\u00f1o, explic\u00f3 que el proyecto surgi\u00f3 al detectar que muchos estudiantes sufren fatiga debido a una alimentaci\u00f3n inadecuada. A partir de esa problem\u00e1tica crearon la empresa escolar \u201cManos a la Masa\u201d, dedicada a la elaboraci\u00f3n de panificados con alto valor nutricional utilizando harinas integrales y harina de algarroba, un producto caracter\u00edstico del Impenetrable Chaque\u00f1o.<\/p>\n","protected":false},"excerpt":{"rendered":"<p>03-Sep-26   El proyecto \u201cManos a la Masa\u201d de la E.E.S. N.\u00ba 15 \u201cJos\u00e9 Hern\u00e1ndez\u201d de Barranqueras logr\u00f3 su clasificaci\u00f3n a la Instancia Nacional de Ferias de Ciencias, tras recibir este viernes su reconocimiento oficial durante un acto realizado en el Domo del Centenario.<\/p>\n","protected":false},"author":3,"featured_media":382603,"comment_status":"closed","ping_status":"closed","sticky":false,"template":"","format":"standard","meta":[],"categories":[99,108],"tags":[],"_links":{"self":[{"href":"http:\/\/www.noticiasdelparana.com.ar\/NuevaEdicion\/wp-json\/wp\/v2\/posts\/382599"}],"collection":[{"href":"http:\/\/www.noticiasdelparana.com.ar\/NuevaEdicion\/wp-json\/wp\/v2\/posts"}],"about":[{"href":"http:\/\/www.noticiasdelparana.com.ar\/NuevaEdicion\/wp-json\/wp\/v2\/types\/post"}],"author":[{"embeddable":true,"href":"http:\/\/www.noticiasdelparana.com.ar\/NuevaEdicion\/wp-json\/wp\/v2\/users\/3"}],"replies":[{"embeddable":true,"href":"http:\/\/www.noticiasdelparana.com.ar\/NuevaEdicion\/wp-json\/wp\/v2\/comments?post=382599"}],"version-history":[{"count":1,"href":"http:\/\/www.noticiasdelparana.com.ar\/NuevaEdicion\/wp-json\/wp\/v2\/posts\/382599\/revisions"}],"predecessor-version":[{"id":382604,"href":"http:\/\/www.noticiasdelparana.com.ar\/NuevaEdicion\/wp-json\/wp\/v2\/posts\/382599\/revisions\/382604"}],"wp:featuredmedia":[{"embeddable":true,"href":"http:\/\/www.noticiasdelparana.com.ar\/NuevaEdicion\/wp-json\/wp\/v2\/media\/382603"}],"wp:attachment":[{"href":"http:\/\/www.noticiasdelparana.com.ar\/NuevaEdicion\/wp-json\/wp\/v2\/media?parent=382599"}],"wp:term":[{"taxonomy":"category","embeddable":true,"href":"http:\/\/www.noticiasdelparana.com.ar\/NuevaEdicion\/wp-json\/wp\/v2\/categories?post=382599"},{"taxonomy":"post_tag","embeddable":true,"href":"http:\/\/www.noticiasdelparana.com.ar\/NuevaEdicion\/wp-json\/wp\/v2\/tags?post=382599"}],"curies":[{"name":"wp","href":"https:\/\/api.w.org\/{rel}","templated":true}]}}