{"id":382600,"date":"2026-09-03T08:52:05","date_gmt":"2026-09-03T11:52:05","guid":{"rendered":"http:\/\/www.noticiasdelparana.com.ar\/NuevaEdicion\/?p=382600"},"modified":"2026-09-03T08:52:09","modified_gmt":"2026-09-03T11:52:09","slug":"chaco-la-provincia-elige-a-su-nueva-embajadora-del-dorado-entre-12-finalistas","status":"publish","type":"post","link":"http:\/\/www.noticiasdelparana.com.ar\/NuevaEdicion\/2026\/09\/03\/chaco-la-provincia-elige-a-su-nueva-embajadora-del-dorado-entre-12-finalistas\/","title":{"rendered":"CHACO: La Provincia Elige A Su Nueva Embajadora Del Dorado Entre 12 Finalistas"},"content":{"rendered":"\n<p>En la previa del XXII Torneo Internacional de Pesca del Dorado con Devoluci\u00f3n, que se desarrollar\u00e1 del 4 al 6 de septiembre en Isla del Cerrito, fueron presentadas oficialmente las 12 finalistas del concurso Embajadora Provincial del Dorado 2026, una iniciativa que busca fortalecer la promoci\u00f3n tur\u00edstica del Chaco a trav\u00e9s de representantes que puedan transmitir la identidad, cultura y atractivos de la provincia.<\/p>\n\n\n\n<p>La elecci\u00f3n se realizar\u00e1 el s\u00e1bado 5 de septiembre, en el escenario mayor de Isla del Cerrito, donde las postulantes compartir\u00e1n con el p\u00fablico sus conocimientos, experiencias y cualidades para asumir el rol de representantes y promotoras del Destino Chaco.<\/p>\n\n\n\n<p>Las finalistas representan a Resistencia, Presidencia Roque S\u00e1enz Pe\u00f1a, Juan Jos\u00e9 Castelli, Isla del Cerrito, Barranqueras, Laguna Blanca y Misi\u00f3n Nueva Pompeya, reflejando la diversidad territorial y cultural de la provincia.<\/p>\n\n\n\n<p>Como parte de su preparaci\u00f3n, las participantes realizaron capacitaciones en turismo, cultura, oratoria, comunicaci\u00f3n y pasarela, incorporando herramientas destinadas a fortalecer su desempe\u00f1o y brindarles conocimientos sobre los distintos atractivos y propuestas que ofrece el Chaco.<\/p>\n\n\n\n<p>La iniciativa es impulsada por el Instituto de Turismo del Chaco y se realiza por segunda vez. Su objetivo es conformar una red de representantes que puedan convertirse en socias estrat\u00e9gicas para la promoci\u00f3n tur\u00edstica provincial, acompa\u00f1ando eventos, acciones institucionales y diferentes propuestas de difusi\u00f3n dentro y fuera de la provincia.<\/p>\n\n\n\n<p>\u201dTODAS YA SON EMBAJADORAS DE NUESTRO DESTINO CHACO\u201d<\/p>\n\n\n\n<p>Durante la presentaci\u00f3n, la presidente del Instituto de Turismo del Chaco, Ver\u00f3nica Mazzaroli, destac\u00f3 el compromiso de las participantes y el valor de generar espacios de representaci\u00f3n para las mujeres chaque\u00f1as.<\/p>\n\n\n\n<p>\u201cMe siento profundamente orgullosa de cada una de ustedes. Quiero agradecerles por animarse, por representar a sus localidades y por ser parte de esta propuesta que nos permite mostrar todo lo que tiene nuestro Chaco\u201d, expres\u00f3.<\/p>\n\n\n\n<p>En esa l\u00ednea, remarc\u00f3: \u201cPara nosotros, todas las que se presentaron ya son embajadoras de nuestro Destino Chaco, porque desde el momento en que decidieron participar asumieron el compromiso de llevar nuestra identidad, nuestra cultura y nuestros atractivos a cada lugar donde est\u00e9n\u201d.<\/p>\n\n\n\n<p>Mazzaroli se\u00f1al\u00f3 adem\u00e1s que la propuesta trasciende la elecci\u00f3n y forma parte de una estrategia de promoci\u00f3n tur\u00edstica provincial.<\/p>\n\n\n\n<p>\u201cEsta es la segunda vez que realizamos este concurso y queremos que siga creciendo. Estamos construyendo una red de mujeres que sean protagonistas y socias estrat\u00e9gicas de la promoci\u00f3n tur\u00edstica del Chaco. Cada evento, cada encuentro y cada oportunidad de mostrar nuestra provincia es una posibilidad para seguir posicionando al Destino Chaco\u201d, sostuvo.<\/p>\n\n\n\n<p>Finalmente, invit\u00f3 a la comunidad a acompa\u00f1ar a las 12 finalistas durante la elecci\u00f3n y a participar de las actividades previstas en el marco del torneo.<\/p>\n\n\n\n<p>\u201cIndependientemente del resultado del 5 de septiembre, ya son parte de esta gran familia y ya est\u00e1n representando a nuestro Chaco. Este es el Chaco que queremos mostrar: orgulloso de sus ra\u00edces, de su gente y de todo lo que tiene para ofrecer\u201d, concluy\u00f3.<\/p>\n\n\n\n<p>La Elecci\u00f3n de la Embajadora Provincial del Dorado 2026 ser\u00e1 uno de los momentos centrales de la agenda del XXII Torneo Internacional del Dorado con Devoluci\u00f3n, que durante tres jornadas reunir\u00e1 en Isla del Cerrito pesca deportiva, naturaleza, cultura, gastronom\u00eda, m\u00fasica y propuestas para toda la familia.<\/p>\n\n\n\n<p>El evento vuelve a posicionar a Isla del Cerrito como uno de los principales escenarios tur\u00edsticos de la provincia y como un destino con propuestas para disfrutar durante todo el a\u00f1o.<\/p>\n","protected":false},"excerpt":{"rendered":"<p>03-Sept-26 Las finalistas a Embajadora Provincial del Dorado 2026 fueron presentadas oficialmente de cara a la elecci\u00f3n que se realizar\u00e1 el s\u00e1bado 5 de septiembre en Isla del Cerrito.<\/p>\n","protected":false},"author":4,"featured_media":382601,"comment_status":"closed","ping_status":"closed","sticky":false,"template":"","format":"standard","meta":[],"categories":[98],"tags":[],"_links":{"self":[{"href":"http:\/\/www.noticiasdelparana.com.ar\/NuevaEdicion\/wp-json\/wp\/v2\/posts\/382600"}],"collection":[{"href":"http:\/\/www.noticiasdelparana.com.ar\/NuevaEdicion\/wp-json\/wp\/v2\/posts"}],"about":[{"href":"http:\/\/www.noticiasdelparana.com.ar\/NuevaEdicion\/wp-json\/wp\/v2\/types\/post"}],"author":[{"embeddable":true,"href":"http:\/\/www.noticiasdelparana.com.ar\/NuevaEdicion\/wp-json\/wp\/v2\/users\/4"}],"replies":[{"embeddable":true,"href":"http:\/\/www.noticiasdelparana.com.ar\/NuevaEdicion\/wp-json\/wp\/v2\/comments?post=382600"}],"version-history":[{"count":1,"href":"http:\/\/www.noticiasdelparana.com.ar\/NuevaEdicion\/wp-json\/wp\/v2\/posts\/382600\/revisions"}],"predecessor-version":[{"id":382602,"href":"http:\/\/www.noticiasdelparana.com.ar\/NuevaEdicion\/wp-json\/wp\/v2\/posts\/382600\/revisions\/382602"}],"wp:featuredmedia":[{"embeddable":true,"href":"http:\/\/www.noticiasdelparana.com.ar\/NuevaEdicion\/wp-json\/wp\/v2\/media\/382601"}],"wp:attachment":[{"href":"http:\/\/www.noticiasdelparana.com.ar\/NuevaEdicion\/wp-json\/wp\/v2\/media?parent=382600"}],"wp:term":[{"taxonomy":"category","embeddable":true,"href":"http:\/\/www.noticiasdelparana.com.ar\/NuevaEdicion\/wp-json\/wp\/v2\/categories?post=382600"},{"taxonomy":"post_tag","embeddable":true,"href":"http:\/\/www.noticiasdelparana.com.ar\/NuevaEdicion\/wp-json\/wp\/v2\/tags?post=382600"}],"curies":[{"name":"wp","href":"https:\/\/api.w.org\/{rel}","templated":true}]}}