{"id":382605,"date":"2026-09-03T08:56:22","date_gmt":"2026-09-03T11:56:22","guid":{"rendered":"http:\/\/www.noticiasdelparana.com.ar\/NuevaEdicion\/?p=382605"},"modified":"2026-09-03T08:57:44","modified_gmt":"2026-09-03T11:57:44","slug":"puerto-vilelas-alumnos-de-la-e-e-p-n-o-848-representaron-a-la-region-x-c-en-la-feria-provincial-de-ciencias-2026","status":"publish","type":"post","link":"http:\/\/www.noticiasdelparana.com.ar\/NuevaEdicion\/2026\/09\/03\/puerto-vilelas-alumnos-de-la-e-e-p-n-o-848-representaron-a-la-region-x-c-en-la-feria-provincial-de-ciencias-2026\/","title":{"rendered":"PUERTO VILELAS: Alumnos de la E.E.P. N\u00ba 848 Representaron a la Regi\u00f3n X-C en la Feria Provincial de Ciencias 2026"},"content":{"rendered":"\n<p>&nbsp;Los alumnos presentaron el proyecto \u201cNo me quem\u00e9s, Parte II\u201d, fruto del trabajo, la investigaci\u00f3n y el compromiso desarrollado junto a sus docentes, demostrando una vez m\u00e1s el potencial de la educaci\u00f3n p\u00fablica chaque\u00f1a.<\/p>\n\n\n\n<p>&nbsp;&nbsp;La comunidad educativa destac\u00f3 el esfuerzo y la dedicaci\u00f3n de los estudiantes, quienes tuvieron la oportunidad de compartir su experiencia con j\u00f3venes de toda la provincia en uno de los eventos educativos m\u00e1s importantes del a\u00f1o.<\/p>\n","protected":false},"excerpt":{"rendered":"<p>03-Sep-26  Con orgullo y entusiasmo, los estudiantes Dylan Godoy y El\u00edas L\u00f3pez, de 7.\u00ba grado de la E.E.P. N.\u00ba 848 \u201cComandante Luis Piedra Buena\u201d, participaron de la Feria Provincial de Ciencias 2026, representando a su instituci\u00f3n y a la Regional Educativa X-C.<\/p>\n","protected":false},"author":3,"featured_media":382607,"comment_status":"closed","ping_status":"closed","sticky":false,"template":"","format":"standard","meta":[],"categories":[108,101],"tags":[],"_links":{"self":[{"href":"http:\/\/www.noticiasdelparana.com.ar\/NuevaEdicion\/wp-json\/wp\/v2\/posts\/382605"}],"collection":[{"href":"http:\/\/www.noticiasdelparana.com.ar\/NuevaEdicion\/wp-json\/wp\/v2\/posts"}],"about":[{"href":"http:\/\/www.noticiasdelparana.com.ar\/NuevaEdicion\/wp-json\/wp\/v2\/types\/post"}],"author":[{"embeddable":true,"href":"http:\/\/www.noticiasdelparana.com.ar\/NuevaEdicion\/wp-json\/wp\/v2\/users\/3"}],"replies":[{"embeddable":true,"href":"http:\/\/www.noticiasdelparana.com.ar\/NuevaEdicion\/wp-json\/wp\/v2\/comments?post=382605"}],"version-history":[{"count":2,"href":"http:\/\/www.noticiasdelparana.com.ar\/NuevaEdicion\/wp-json\/wp\/v2\/posts\/382605\/revisions"}],"predecessor-version":[{"id":382613,"href":"http:\/\/www.noticiasdelparana.com.ar\/NuevaEdicion\/wp-json\/wp\/v2\/posts\/382605\/revisions\/382613"}],"wp:featuredmedia":[{"embeddable":true,"href":"http:\/\/www.noticiasdelparana.com.ar\/NuevaEdicion\/wp-json\/wp\/v2\/media\/382607"}],"wp:attachment":[{"href":"http:\/\/www.noticiasdelparana.com.ar\/NuevaEdicion\/wp-json\/wp\/v2\/media?parent=382605"}],"wp:term":[{"taxonomy":"category","embeddable":true,"href":"http:\/\/www.noticiasdelparana.com.ar\/NuevaEdicion\/wp-json\/wp\/v2\/categories?post=382605"},{"taxonomy":"post_tag","embeddable":true,"href":"http:\/\/www.noticiasdelparana.com.ar\/NuevaEdicion\/wp-json\/wp\/v2\/tags?post=382605"}],"curies":[{"name":"wp","href":"https:\/\/api.w.org\/{rel}","templated":true}]}}