{"id":382612,"date":"2026-09-03T08:58:22","date_gmt":"2026-09-03T11:58:22","guid":{"rendered":"http:\/\/www.noticiasdelparana.com.ar\/NuevaEdicion\/?p=382612"},"modified":"2026-09-03T08:58:24","modified_gmt":"2026-09-03T11:58:24","slug":"chaco-ver-para-ser-libres-vuelve-al-chaco-con-operativos-oftalmologicos-para-ninos-y-adolescentes","status":"publish","type":"post","link":"http:\/\/www.noticiasdelparana.com.ar\/NuevaEdicion\/2026\/09\/03\/chaco-ver-para-ser-libres-vuelve-al-chaco-con-operativos-oftalmologicos-para-ninos-y-adolescentes\/","title":{"rendered":"CHACO: Ver Para Ser Libres Vuelve Al Chaco Con Operativos Oftalmol\u00f3gicos Para Ni\u00f1os Y Adolescentes"},"content":{"rendered":"\n<p>El programa nacional Ver para Ser Libres llegar\u00e1 por segunda vez durante 2026 a la provincia del Chaco para brindar controles oftalmol\u00f3gicos y entregar anteojos gratuitos a ni\u00f1os y adolescentes de entre 6 y 17 a\u00f1os, especialmente estudiantes que se encuentran en situaci\u00f3n de vulnerabilidad social.<\/p>\n\n\n\n<p>La iniciativa es impulsada por el Ministerio de Capital Humano de la Naci\u00f3n, en articulaci\u00f3n con el Gobierno del Chaco, a trav\u00e9s del Ministerio de Desarrollo Humano, con la participaci\u00f3n de los equipos de Salud y Educaci\u00f3n.<\/p>\n\n\n\n<p>DOS UNIDADES M\u00d3VILES RECORRER\u00c1N EL TERRITORIO<\/p>\n\n\n\n<p>El operativo contar\u00e1 con dos unidades m\u00f3viles completamente equipadas, con capacidad para realizar m\u00e1s de 100 atenciones diarias cada una. En ellas se desarrollar\u00e1n controles de salud visual, evaluaciones interdisciplinarias, diagn\u00f3stico oftalmol\u00f3gico y confecci\u00f3n de anteojos.<\/p>\n\n\n\n<p>La din\u00e1mica contempla una primera instancia de control para detectar posibles dificultades visuales y una segunda consulta con profesionales oftalmol\u00f3gicos para realizar el diagn\u00f3stico y la correspondiente indicaci\u00f3n de lentes.<\/p>\n\n\n\n<p>Una vez realizada la evaluaci\u00f3n, los estudiantes podr\u00e1n elegir sus marcos y profesionales especializados realizar\u00e1n la calibraci\u00f3n, tallado y armado de los anteojos en el laboratorio m\u00f3vil. En los casos de lentes de complejidad est\u00e1ndar, la entrega se concreta en el mismo d\u00eda, con una demora aproximada de 30 minutos. Los casos que requieran lentes de mayor complejidad ser\u00e1n derivados a laboratorio para su posterior entrega.<\/p>\n\n\n\n<p>Se prev\u00e9 alcanzar unas 200 consultas diarias en simult\u00e1neo entre ambos m\u00f3viles, extendiendo la atenci\u00f3n hasta completar la demanda prevista en cada localidad.<\/p>\n\n\n\n<p>GUTI\u00c9RREZ: \u201cESTAMOS DANDO RESPUESTAS A NECESIDADES REALES\u201d<\/p>\n\n\n\n<p>El ministro de Desarrollo Humano, Diego Guti\u00e9rrez, destac\u00f3 la importancia de la nueva etapa del programa y el alcance territorial que tendr\u00e1 durante septiembre.<\/p>\n\n\n\n<p>\u201cPor segunda vez en este a\u00f1o vamos a contar con la presencia de Ver para Ser Libres en el Chaco. Las experiencias anteriores fueron muy buenas y estamos dando respuestas a necesidades reales de nuestros estudiantes\u201d, afirm\u00f3.<\/p>\n\n\n\n<p>Guti\u00e9rrez explic\u00f3 que los equipos territoriales tendr\u00e1n un rol fundamental para detectar a los estudiantes que necesiten atenci\u00f3n. \u201cVamos a contar con el acompa\u00f1amiento de los equipos \u00d1achec y de los docentes, que son quienes est\u00e1n en contacto permanente con las comunidades y pueden ayudarnos a detectar r\u00e1pidamente los casos. Ser\u00e1n tres semanas intensas de trabajo en distintos puntos de la provincia\u201d, se\u00f1al\u00f3.<\/p>\n\n\n\n<p>Adem\u00e1s, remarc\u00f3 que esta nueva edici\u00f3n permitir\u00e1 ampliar la cobertura en El Impenetrable. \u201cSi las condiciones clim\u00e1ticas acompa\u00f1an, vamos a llegar a cubrir escuelas de pr\u00e1cticamente todo El Impenetrable, porque Naci\u00f3n env\u00eda una unidad m\u00f3vil preparada para transitar ese tipo de caminos y llegar a comunidades m\u00e1s alejadas\u201d, puntualiz\u00f3.<\/p>\n\n\n\n<p>M\u00c1S DE 10.000 CONTROLES Y 7.000 ANTEOJOS ENTREGADOS EN CHACO<\/p>\n\n\n\n<p>El programa Ver para Ser Libres recorre establecimientos educativos de todo el pa\u00eds con el objetivo de detectar y atender problemas visuales que pueden afectar el aprendizaje, la autonom\u00eda y la calidad de vida de ni\u00f1os y adolescentes.<\/p>\n\n\n\n<p>Desde 2024 hasta la actualidad, en la provincia del Chaco se realizaron m\u00e1s de 10.000 controles oftalmol\u00f3gicos y se entregaron m\u00e1s de 7.000 anteojos a estudiantes de escuelas rurales y perif\u00e9ricas.<\/p>\n\n\n\n<p>Desde el Ministerio de Desarrollo Humano destacaron que este tipo de pol\u00edticas p\u00fablicas permite garantizar derechos, reducir desigualdades y acercar servicios esenciales a comunidades alejadas, fortaleciendo la inclusi\u00f3n y la igualdad de oportunidades en todo el territorio provincial.<\/p>\n\n\n\n<p>CRONOGRAMA DE ATENCI\u00d3N<\/p>\n\n\n\n<p>M\u00d3VIL 1<\/p>\n\n\n\n<p>Primera semana | 7 al 11 de septiembre<\/p>\n\n\n\n<p>* Lunes 7: El Sauzalito \u2013 EEP N\u00b022, desde las 9. Incluye Tres Pozos y Vizcacheral.<\/p>\n\n\n\n<p>* Martes 8: Fort\u00edn Belgrano \u2013 EEP N\u00b01072, de 8 a 12; Tartagal \u2013 EEP N\u00b0853, de 15 a 19.<\/p>\n\n\n\n<p>* Mi\u00e9rcoles 9: El Sauzal \u2013 EEP N\u00b0850, de 8 a 12; Wich\u00ed-El Pintado \u2013 EEP N\u00b0517, de 15 a 19.<\/p>\n\n\n\n<p>* Jueves 10: Fuerte Esperanza \u2013 EEP N\u00b0887, desde las 9.<\/p>\n\n\n\n<p>* Viernes 11: Comandancia Fr\u00edas \u2013 EEP N\u00b0780, desde las 9.<\/p>\n\n\n\n<p>Segunda semana | 14 al 18 de septiembre<\/p>\n\n\n\n<p>* Lunes 14: Misi\u00f3n Nueva Pompeya \u2013 EEP N\u00b0562.<\/p>\n\n\n\n<p>* Martes 15: Nueva Poblaci\u00f3n \u2013 EEP N\u00b0714.<\/p>\n\n\n\n<p>* Mi\u00e9rcoles 16: Las Hacheras \u2013 EEP N\u00b0559.<\/p>\n\n\n\n<p>* Jueves 17: Miraflores \u2013 EEP N\u00b0680.<\/p>\n\n\n\n<p>* Viernes 18: Juan Jos\u00e9 Castelli \u2013 EEP N\u00b0255.<\/p>\n\n\n\n<p>Tercera semana | 21 al 25 de septiembre<\/p>\n\n\n\n<p>* Lunes 21: Juan Jos\u00e9 Castelli \u2013 Centro Comunitario B\u00b0 Nocaayi.<\/p>\n\n\n\n<p>* Martes 22: Tres Isletas \u2013 ISET.<\/p>\n\n\n\n<p>* Mi\u00e9rcoles 23: Napenay \u2013 EES N\u00b038, incluye Avia Terai.<\/p>\n\n\n\n<p>* Jueves 24: R\u00edo Muerto \u2013 EEP N\u00b0633, incluye Los Frentones.<\/p>\n\n\n\n<p>* Viernes 25: Taco Pozo \u2013 EEP N\u00b0928.<\/p>\n\n\n\n<p>M\u00d3VIL 2<\/p>\n\n\n\n<p>Primera semana | 7 al 11 de septiembre<\/p>\n\n\n\n<p>* Lunes 7: Gancedo \u2013 EEP N\u00b01023, incluye General Capdevilla.<\/p>\n\n\n\n<p>* Martes 8: Corzuela \u2013 EEP N\u00b01000.<\/p>\n\n\n\n<p>* Mi\u00e9rcoles 9: Villa Berthet \u2013 EEP N\u00b079.<\/p>\n\n\n\n<p>* Jueves 10: Samuh\u00fa \u2013 EEP N\u00b074, incluye Enrique Urien.<\/p>\n\n\n\n<p>* Viernes 11: Cote Lai \u2013 Polideportivo Municipal, incluye Charadai.<\/p>\n\n\n\n<p>Segunda semana | 14 al 18 de septiembre<\/p>\n\n\n\n<p>* Lunes 14: Makall\u00e9 \u2013 EEP N\u00b034, incluye Laguna Blanca.<\/p>\n\n\n\n<p>* Martes 15: Puerto Tirol \u2013 EEP N\u00b0167, incluye Colonia Popular.<\/p>\n\n\n\n<p>* Mi\u00e9rcoles 16: Isla del Cerrito \u2013 EEP N\u00b0132.<\/p>\n\n\n\n<p>* Jueves 17: Colonia Ben\u00edtez \u2013 EEP N\u00b010.<\/p>\n\n\n\n<p>* Viernes 18: Margarita Bel\u00e9n \u2013 EEP N\u00b012.<\/p>\n\n\n\n<p>Tercera semana | 21 al 25 de septiembre<\/p>\n\n\n\n<p>* Lunes 21: Las Palmas \u2013 Plaza de Las Palmas, incluye La Leonesa.<\/p>\n\n\n\n<p>* Martes 22: General Vedia \u2013 EES N\u00b0178, incluye Puerto Bermejo y Puerto Eva Per\u00f3n.<\/p>\n\n\n\n<p>* Mi\u00e9rcoles 23: Selvas del R\u00edo de Oro \u2013 EEP N\u00b051, incluye La Eduvigis.<\/p>\n\n\n\n<p>* Jueves 24: Colonias Unidas \u2013 EEP N\u00b0579.<\/p>\n\n\n\n<p>* Viernes 25: Laguna Limpia \u2013 EEP N\u00b0350, incluye Ciervo Petiso.<\/p>\n\n\n\n<p>Con esta nueva etapa, el Gobierno del Chaco busca acercar atenci\u00f3n oftalmol\u00f3gica a estudiantes de toda la provincia, especialmente a quienes viven en comunidades rurales y alejadas, contribuyendo a mejorar sus condiciones de aprendizaje, su autonom\u00eda y su calidad de vida.<\/p>\n","protected":false},"excerpt":{"rendered":"<p>03-Sept-26 Del 7 al 25 de septiembre, dos unidades m\u00f3viles recorrer\u00e1n escuelas y comunidades de m\u00e1s de 44 localidades y parajes. Se realizar\u00e1n controles visuales, diagn\u00f3sticos y entrega de anteojos, con especial atenci\u00f3n a estudiantes de zonas rurales y de El Impenetrable.<\/p>\n","protected":false},"author":4,"featured_media":382610,"comment_status":"closed","ping_status":"closed","sticky":false,"template":"","format":"standard","meta":[],"categories":[98],"tags":[],"_links":{"self":[{"href":"http:\/\/www.noticiasdelparana.com.ar\/NuevaEdicion\/wp-json\/wp\/v2\/posts\/382612"}],"collection":[{"href":"http:\/\/www.noticiasdelparana.com.ar\/NuevaEdicion\/wp-json\/wp\/v2\/posts"}],"about":[{"href":"http:\/\/www.noticiasdelparana.com.ar\/NuevaEdicion\/wp-json\/wp\/v2\/types\/post"}],"author":[{"embeddable":true,"href":"http:\/\/www.noticiasdelparana.com.ar\/NuevaEdicion\/wp-json\/wp\/v2\/users\/4"}],"replies":[{"embeddable":true,"href":"http:\/\/www.noticiasdelparana.com.ar\/NuevaEdicion\/wp-json\/wp\/v2\/comments?post=382612"}],"version-history":[{"count":1,"href":"http:\/\/www.noticiasdelparana.com.ar\/NuevaEdicion\/wp-json\/wp\/v2\/posts\/382612\/revisions"}],"predecessor-version":[{"id":382615,"href":"http:\/\/www.noticiasdelparana.com.ar\/NuevaEdicion\/wp-json\/wp\/v2\/posts\/382612\/revisions\/382615"}],"wp:featuredmedia":[{"embeddable":true,"href":"http:\/\/www.noticiasdelparana.com.ar\/NuevaEdicion\/wp-json\/wp\/v2\/media\/382610"}],"wp:attachment":[{"href":"http:\/\/www.noticiasdelparana.com.ar\/NuevaEdicion\/wp-json\/wp\/v2\/media?parent=382612"}],"wp:term":[{"taxonomy":"category","embeddable":true,"href":"http:\/\/www.noticiasdelparana.com.ar\/NuevaEdicion\/wp-json\/wp\/v2\/categories?post=382612"},{"taxonomy":"post_tag","embeddable":true,"href":"http:\/\/www.noticiasdelparana.com.ar\/NuevaEdicion\/wp-json\/wp\/v2\/tags?post=382612"}],"curies":[{"name":"wp","href":"https:\/\/api.w.org\/{rel}","templated":true}]}}