{"id":382614,"date":"2026-09-03T09:00:54","date_gmt":"2026-09-03T12:00:54","guid":{"rendered":"http:\/\/www.noticiasdelparana.com.ar\/NuevaEdicion\/?p=382614"},"modified":"2026-09-03T09:01:19","modified_gmt":"2026-09-03T12:01:19","slug":"barranqueras-mas-de-70-vecinos-participan-del-taller-gratuito-de-peluqueria","status":"publish","type":"post","link":"http:\/\/www.noticiasdelparana.com.ar\/NuevaEdicion\/2026\/09\/03\/barranqueras-mas-de-70-vecinos-participan-del-taller-gratuito-de-peluqueria\/","title":{"rendered":"BARRANQUERAS: M\u00e1s De 70 Vecinos Participan Del Taller Gratuito De Peluquer\u00eda"},"content":{"rendered":"\n<p>&nbsp;En ese marco, se llev\u00f3 adelante una nueva jornada del Taller de Peluquer\u00eda, una propuesta que ya cuenta con m\u00e1s de 70 estudiantes inscriptos y que es coordinada por la Secretar\u00eda de las Personas con Discapacidad.<\/p>\n\n\n\n<p>La iniciativa brinda a los participantes la posibilidad de acceder a conocimientos b\u00e1sicos y herramientas pr\u00e1cticas vinculadas al oficio de la peluquer\u00eda, promoviendo el aprendizaje de t\u00e9cnicas que pueden convertirse en una alternativa de inserci\u00f3n laboral o en el punto de partida para futuros emprendimientos.<\/p>\n\n\n\n<p>Desde el municipio destacaron el crecimiento sostenido de la propuesta y el inter\u00e9s demostrado por los vecinos que, semana tras semana, asisten a las clases para perfeccionarse y adquirir nuevas habilidades. Estas capacitaciones forman parte de una pol\u00edtica orientada a generar mayores oportunidades de formaci\u00f3n y fomentar el desarrollo personal y profesional de la comunidad.<\/p>\n\n\n\n<p>Asimismo, remarcaron que el acceso libre y gratuito a este tipo de cursos permite acercar herramientas concretas para el trabajo, fortaleciendo la inclusi\u00f3n y promoviendo espacios de aprendizaje abiertos a todos los sectores de la ciudad.<\/p>\n\n\n\n<p>Con una amplia participaci\u00f3n y una creciente demanda, el Taller de Peluquer\u00eda se consolida como una de las propuestas formativas m\u00e1s convocantes impulsadas por la Secretar\u00eda de las Personas con Discapacidad, reafirmando el compromiso municipal con la capacitaci\u00f3n y el crecimiento de los vecinos de Barranqueras.<\/p>\n","protected":false},"excerpt":{"rendered":"<p>03-Sep-26 La Municipalidad de Barranqueras contin\u00faa impulsando espacios de formaci\u00f3n gratuitos destinados a fortalecer las oportunidades de capacitaci\u00f3n y desarrollo laboral de la comunidad. <\/p>\n","protected":false},"author":3,"featured_media":382616,"comment_status":"closed","ping_status":"closed","sticky":false,"template":"","format":"standard","meta":[],"categories":[99,108],"tags":[],"_links":{"self":[{"href":"http:\/\/www.noticiasdelparana.com.ar\/NuevaEdicion\/wp-json\/wp\/v2\/posts\/382614"}],"collection":[{"href":"http:\/\/www.noticiasdelparana.com.ar\/NuevaEdicion\/wp-json\/wp\/v2\/posts"}],"about":[{"href":"http:\/\/www.noticiasdelparana.com.ar\/NuevaEdicion\/wp-json\/wp\/v2\/types\/post"}],"author":[{"embeddable":true,"href":"http:\/\/www.noticiasdelparana.com.ar\/NuevaEdicion\/wp-json\/wp\/v2\/users\/3"}],"replies":[{"embeddable":true,"href":"http:\/\/www.noticiasdelparana.com.ar\/NuevaEdicion\/wp-json\/wp\/v2\/comments?post=382614"}],"version-history":[{"count":1,"href":"http:\/\/www.noticiasdelparana.com.ar\/NuevaEdicion\/wp-json\/wp\/v2\/posts\/382614\/revisions"}],"predecessor-version":[{"id":382617,"href":"http:\/\/www.noticiasdelparana.com.ar\/NuevaEdicion\/wp-json\/wp\/v2\/posts\/382614\/revisions\/382617"}],"wp:featuredmedia":[{"embeddable":true,"href":"http:\/\/www.noticiasdelparana.com.ar\/NuevaEdicion\/wp-json\/wp\/v2\/media\/382616"}],"wp:attachment":[{"href":"http:\/\/www.noticiasdelparana.com.ar\/NuevaEdicion\/wp-json\/wp\/v2\/media?parent=382614"}],"wp:term":[{"taxonomy":"category","embeddable":true,"href":"http:\/\/www.noticiasdelparana.com.ar\/NuevaEdicion\/wp-json\/wp\/v2\/categories?post=382614"},{"taxonomy":"post_tag","embeddable":true,"href":"http:\/\/www.noticiasdelparana.com.ar\/NuevaEdicion\/wp-json\/wp\/v2\/tags?post=382614"}],"curies":[{"name":"wp","href":"https:\/\/api.w.org\/{rel}","templated":true}]}}