{"id":382631,"date":"2026-09-03T09:20:39","date_gmt":"2026-09-03T12:20:39","guid":{"rendered":"http:\/\/www.noticiasdelparana.com.ar\/NuevaEdicion\/?p=382631"},"modified":"2026-09-03T09:20:46","modified_gmt":"2026-09-03T12:20:46","slug":"barranqueras-entregaron-certificados-del-curso-de-lengua-de-senas-argentina","status":"publish","type":"post","link":"http:\/\/www.noticiasdelparana.com.ar\/NuevaEdicion\/2026\/09\/03\/barranqueras-entregaron-certificados-del-curso-de-lengua-de-senas-argentina\/","title":{"rendered":"BARRANQUERAS: Entregaron Certificados Del Curso De Lengua De Se\u00f1as Argentina"},"content":{"rendered":"\n<p>El acto cont\u00f3 con la participaci\u00f3n de la intendenta municipal, quien acompa\u00f1\u00f3 esta iniciativa impulsada por la Secretar\u00eda de las Personas con Discapacidad. El programa se desarrolla de manera sostenida desde el a\u00f1o 2021, ofreciendo espacios de formaci\u00f3n gratuitos y abiertos a toda la comunidad.<\/p>\n\n\n\n<p>Desde el municipio destacaron la importancia de generar herramientas que favorezcan la comunicaci\u00f3n y la integraci\u00f3n de las personas con discapacidad auditiva, fortaleciendo una sociedad m\u00e1s inclusiva y con mayores oportunidades para todos.<\/p>\n\n\n\n<p>Asimismo, remarcaron que estas capacitaciones permiten ampliar conocimientos, fomentar la empat\u00eda y derribar barreras en distintos \u00e1mbitos de la vida cotidiana, desde la atenci\u00f3n al p\u00fablico hasta los espacios educativos y comunitarios.<\/p>\n\n\n\n<p>Con este tipo de acciones, Barranqueras contin\u00faa impulsando pol\u00edticas p\u00fablicas destinadas a garantizar la igualdad de oportunidades y construir una ciudad cada vez m\u00e1s accesible e inclusiva para todos sus habitantes.<\/p>\n","protected":false},"excerpt":{"rendered":"<p>03-Sep-26 La Municipalidad de Barranqueras realiz\u00f3 la entrega de certificados a las personas que completaron la capacitaci\u00f3n de nivel b\u00e1sico en Lengua de Se\u00f1as Argentina (LSA), una propuesta orientada a promover la inclusi\u00f3n y la accesibilidad en la comunidad.<\/p>\n","protected":false},"author":3,"featured_media":382632,"comment_status":"closed","ping_status":"closed","sticky":false,"template":"","format":"standard","meta":[],"categories":[99],"tags":[],"_links":{"self":[{"href":"http:\/\/www.noticiasdelparana.com.ar\/NuevaEdicion\/wp-json\/wp\/v2\/posts\/382631"}],"collection":[{"href":"http:\/\/www.noticiasdelparana.com.ar\/NuevaEdicion\/wp-json\/wp\/v2\/posts"}],"about":[{"href":"http:\/\/www.noticiasdelparana.com.ar\/NuevaEdicion\/wp-json\/wp\/v2\/types\/post"}],"author":[{"embeddable":true,"href":"http:\/\/www.noticiasdelparana.com.ar\/NuevaEdicion\/wp-json\/wp\/v2\/users\/3"}],"replies":[{"embeddable":true,"href":"http:\/\/www.noticiasdelparana.com.ar\/NuevaEdicion\/wp-json\/wp\/v2\/comments?post=382631"}],"version-history":[{"count":1,"href":"http:\/\/www.noticiasdelparana.com.ar\/NuevaEdicion\/wp-json\/wp\/v2\/posts\/382631\/revisions"}],"predecessor-version":[{"id":382633,"href":"http:\/\/www.noticiasdelparana.com.ar\/NuevaEdicion\/wp-json\/wp\/v2\/posts\/382631\/revisions\/382633"}],"wp:featuredmedia":[{"embeddable":true,"href":"http:\/\/www.noticiasdelparana.com.ar\/NuevaEdicion\/wp-json\/wp\/v2\/media\/382632"}],"wp:attachment":[{"href":"http:\/\/www.noticiasdelparana.com.ar\/NuevaEdicion\/wp-json\/wp\/v2\/media?parent=382631"}],"wp:term":[{"taxonomy":"category","embeddable":true,"href":"http:\/\/www.noticiasdelparana.com.ar\/NuevaEdicion\/wp-json\/wp\/v2\/categories?post=382631"},{"taxonomy":"post_tag","embeddable":true,"href":"http:\/\/www.noticiasdelparana.com.ar\/NuevaEdicion\/wp-json\/wp\/v2\/tags?post=382631"}],"curies":[{"name":"wp","href":"https:\/\/api.w.org\/{rel}","templated":true}]}}