{"id":382634,"date":"2026-09-03T09:23:21","date_gmt":"2026-09-03T12:23:21","guid":{"rendered":"http:\/\/www.noticiasdelparana.com.ar\/NuevaEdicion\/?p=382634"},"modified":"2026-09-03T09:25:32","modified_gmt":"2026-09-03T12:25:32","slug":"resistencia-importante-jornada-sobre-bullying-realizo-el-municipio-en-la-escuela-n33","status":"publish","type":"post","link":"http:\/\/www.noticiasdelparana.com.ar\/NuevaEdicion\/2026\/09\/03\/resistencia-importante-jornada-sobre-bullying-realizo-el-municipio-en-la-escuela-n33\/","title":{"rendered":"RESISTENCIA:  Importante Jornada Sobre Bullying Realiz\u00f3 El Municipio En La Escuela N\u00b033"},"content":{"rendered":"\n<p>Charlas sobre bullying fueron llevadas adelante por personal comunal, en relaci\u00f3n con&nbsp; MUNA (Municipios Unidos por la Ni\u00f1ez y&nbsp; Adolescencia).<\/p>\n\n\n\n<p>La directora, Claudia Elizabeth Almir\u00f3n, cont\u00f3 que a esta jornada asistieron alumnos del segundo y tercer ciclo.<\/p>\n\n\n\n<p>\u201cEl tr\u00e1mite fue a trav\u00e9s de una docente que estuvo interesada sobre la tem\u00e1tica del bullying, se contact\u00f3 con el Municipio y vinieron\u201d, se\u00f1al\u00f3.<\/p>\n\n\n\n<p>\u201cRealmente es algo muy interesante, abre much\u00edsimas posibilidades, puertas, conocimientos y nuevas redes, nuevas formas de que los ni\u00f1os tambi\u00e9n conozcan sobre esta problem\u00e1tica en la convivencia que hay en las instituciones ante una sociedad por ah\u00ed un poco convulsionada\u201d, enfatiz\u00f3.<\/p>\n\n\n\n<p>Gabriela Z\u00f3ttola, de la Direcci\u00f3n de Infancias comunal, explic\u00f3 que tratan el tema del bullying y el ciberbullying, adem\u00e1s de otros tipos de abordaje. Se establecen las pautas de cuidado acerca de lo que es el uso de las redes y su manejo responsable.<\/p>\n\n\n\n<p>\u201cEsto se viene haciendo desde finales del 2023, cuando asume esta gesti\u00f3n\u201d, dijo y a\u00f1adi\u00f3: \u201cDesde la Subsecretar\u00eda de Acci\u00f3n Social tenemos la capacidad de poder asistir a estos lugares y brindar todo tipo de charlas en todos los niveles educativos\u201d.<\/p>\n\n\n\n<p>Inform\u00f3 que los interesados en recibir este tipo de informaciones, a trav\u00e9s de MUNA, pueden hacerlo a trav\u00e9s de las redes de la Municipalidad de Resistencia o enviando una nota dirigida al Intendente o a la Subsecretar\u00eda de Acci\u00f3n Social.<br><\/p>\n","protected":false},"excerpt":{"rendered":"\n<p>03-Sep-26 La Municipalidad de Resistencia llev\u00f3 el programa MUNA a la escuela primaria N\u00b033 \u201cIndependencia\u201d, la propuesta integral destinada a los m\u00e1s peque\u00f1os.<\/p>\n","protected":false},"author":3,"featured_media":382635,"comment_status":"closed","ping_status":"closed","sticky":false,"template":"","format":"standard","meta":[],"categories":[102],"tags":[],"_links":{"self":[{"href":"http:\/\/www.noticiasdelparana.com.ar\/NuevaEdicion\/wp-json\/wp\/v2\/posts\/382634"}],"collection":[{"href":"http:\/\/www.noticiasdelparana.com.ar\/NuevaEdicion\/wp-json\/wp\/v2\/posts"}],"about":[{"href":"http:\/\/www.noticiasdelparana.com.ar\/NuevaEdicion\/wp-json\/wp\/v2\/types\/post"}],"author":[{"embeddable":true,"href":"http:\/\/www.noticiasdelparana.com.ar\/NuevaEdicion\/wp-json\/wp\/v2\/users\/3"}],"replies":[{"embeddable":true,"href":"http:\/\/www.noticiasdelparana.com.ar\/NuevaEdicion\/wp-json\/wp\/v2\/comments?post=382634"}],"version-history":[{"count":2,"href":"http:\/\/www.noticiasdelparana.com.ar\/NuevaEdicion\/wp-json\/wp\/v2\/posts\/382634\/revisions"}],"predecessor-version":[{"id":382638,"href":"http:\/\/www.noticiasdelparana.com.ar\/NuevaEdicion\/wp-json\/wp\/v2\/posts\/382634\/revisions\/382638"}],"wp:featuredmedia":[{"embeddable":true,"href":"http:\/\/www.noticiasdelparana.com.ar\/NuevaEdicion\/wp-json\/wp\/v2\/media\/382635"}],"wp:attachment":[{"href":"http:\/\/www.noticiasdelparana.com.ar\/NuevaEdicion\/wp-json\/wp\/v2\/media?parent=382634"}],"wp:term":[{"taxonomy":"category","embeddable":true,"href":"http:\/\/www.noticiasdelparana.com.ar\/NuevaEdicion\/wp-json\/wp\/v2\/categories?post=382634"},{"taxonomy":"post_tag","embeddable":true,"href":"http:\/\/www.noticiasdelparana.com.ar\/NuevaEdicion\/wp-json\/wp\/v2\/tags?post=382634"}],"curies":[{"name":"wp","href":"https:\/\/api.w.org\/{rel}","templated":true}]}}