{"id":382637,"date":"2026-09-03T09:29:53","date_gmt":"2026-09-03T12:29:53","guid":{"rendered":"http:\/\/www.noticiasdelparana.com.ar\/NuevaEdicion\/?p=382637"},"modified":"2026-09-03T09:29:59","modified_gmt":"2026-09-03T12:29:59","slug":"corrientes-una-ciudad-refuerza-un-gran-terraplen-ante-la-llegada-de-el-nino","status":"publish","type":"post","link":"http:\/\/www.noticiasdelparana.com.ar\/NuevaEdicion\/2026\/09\/03\/corrientes-una-ciudad-refuerza-un-gran-terraplen-ante-la-llegada-de-el-nino\/","title":{"rendered":"CORRIENTES: Una Ciudad Refuerza Un Gran Terrapl\u00e9n Ante La Llegada De El Ni\u00f1o"},"content":{"rendered":"\n<p>Monte Caseros contin\u00faa con un plan de mantenimiento y acondicionamiento del terrapl\u00e9n ubicado en la zona del barrio 308 Viviendas. As\u00ed lo inform\u00f3 este mi\u00e9rcoles el Municipio de esa ciudad con el objetivo de reforzar el sector y mejorar sus condiciones de protecci\u00f3n frente a posibles escenarios clim\u00e1ticos adversos que pueda traer el fen\u00f3meno de El Ni\u00f1o.<\/p>\n\n\n\n<p>Una ciudad correntina refuerza un gran terrapl\u00e9n ante la llegada de El Ni\u00f1o<\/p>\n\n\n\n<p>Las tareas incluyen la elevaci\u00f3n, nivelaci\u00f3n y consolidaci\u00f3n del terreno, trabajos que buscan fortalecer la estructura del terrapl\u00e9n y anticiparse a per\u00edodos en los que puedan registrarse mayores precipitaciones.<\/p>\n\n\n\n<p>Una ciudad correntina refuerza un gran terrapl\u00e9n ante la llegada de El Ni\u00f1o<\/p>\n\n\n\n<p>Fen\u00f3meno clim\u00e1tico<\/p>\n\n\n\n<p>Seg\u00fan indicaron desde el Municipio, las obras forman parte de las acciones de prevenci\u00f3n y mantenimiento que se realizan en distintos sectores estrat\u00e9gicos de la ciudad, especialmente ante la posibilidad de lluvias m\u00e1s abundantes asociadas al fen\u00f3meno clim\u00e1tico de El Ni\u00f1o.<\/p>\n\n\n\n<p>Una ciudad correntina refuerza un gran terrapl\u00e9n ante la llegada de El Ni\u00f1o<\/p>\n\n\n\n<p>El objetivo es reducir posibles riesgos y mejorar la capacidad de respuesta de la infraestructura urbana frente a eventos de precipitaciones intensas.<\/p>\n\n\n\n<p>Una ciudad correntina refuerza un gran terrapl\u00e9n ante la llegada de El Ni\u00f1o<\/p>\n\n\n\n<p>Desde la Municipalidad se\u00f1alaron que continuar\u00e1n trabajando con una estrategia basada en la planificaci\u00f3n y la prevenci\u00f3n, con intervenciones destinadas a reforzar sectores considerados importantes para la protecci\u00f3n de los barrios de Monte Caseros.<\/p>\n\n\n\n<p>Con Informaci\u00f3n de El Litoral<\/p>\n","protected":false},"excerpt":{"rendered":"<p>03-Sept-26 Llevan adelante trabajos de elevaci\u00f3n, nivelaci\u00f3n y consolidaci\u00f3n del terreno para proteger el barrio ante eventuales per\u00edodos de mayores precipitaciones.<\/p>\n","protected":false},"author":4,"featured_media":382644,"comment_status":"closed","ping_status":"closed","sticky":false,"template":"","format":"standard","meta":[],"categories":[139],"tags":[],"_links":{"self":[{"href":"http:\/\/www.noticiasdelparana.com.ar\/NuevaEdicion\/wp-json\/wp\/v2\/posts\/382637"}],"collection":[{"href":"http:\/\/www.noticiasdelparana.com.ar\/NuevaEdicion\/wp-json\/wp\/v2\/posts"}],"about":[{"href":"http:\/\/www.noticiasdelparana.com.ar\/NuevaEdicion\/wp-json\/wp\/v2\/types\/post"}],"author":[{"embeddable":true,"href":"http:\/\/www.noticiasdelparana.com.ar\/NuevaEdicion\/wp-json\/wp\/v2\/users\/4"}],"replies":[{"embeddable":true,"href":"http:\/\/www.noticiasdelparana.com.ar\/NuevaEdicion\/wp-json\/wp\/v2\/comments?post=382637"}],"version-history":[{"count":1,"href":"http:\/\/www.noticiasdelparana.com.ar\/NuevaEdicion\/wp-json\/wp\/v2\/posts\/382637\/revisions"}],"predecessor-version":[{"id":382647,"href":"http:\/\/www.noticiasdelparana.com.ar\/NuevaEdicion\/wp-json\/wp\/v2\/posts\/382637\/revisions\/382647"}],"wp:featuredmedia":[{"embeddable":true,"href":"http:\/\/www.noticiasdelparana.com.ar\/NuevaEdicion\/wp-json\/wp\/v2\/media\/382644"}],"wp:attachment":[{"href":"http:\/\/www.noticiasdelparana.com.ar\/NuevaEdicion\/wp-json\/wp\/v2\/media?parent=382637"}],"wp:term":[{"taxonomy":"category","embeddable":true,"href":"http:\/\/www.noticiasdelparana.com.ar\/NuevaEdicion\/wp-json\/wp\/v2\/categories?post=382637"},{"taxonomy":"post_tag","embeddable":true,"href":"http:\/\/www.noticiasdelparana.com.ar\/NuevaEdicion\/wp-json\/wp\/v2\/tags?post=382637"}],"curies":[{"name":"wp","href":"https:\/\/api.w.org\/{rel}","templated":true}]}}