{"id":382639,"date":"2026-09-03T09:28:18","date_gmt":"2026-09-03T12:28:18","guid":{"rendered":"http:\/\/www.noticiasdelparana.com.ar\/NuevaEdicion\/?p=382639"},"modified":"2026-09-03T09:28:23","modified_gmt":"2026-09-03T12:28:23","slug":"resistencia-demoraron-a-un-hombre-y-secuestraron-una-notebook-tras-una-denuncia-por-hurto","status":"publish","type":"post","link":"http:\/\/www.noticiasdelparana.com.ar\/NuevaEdicion\/2026\/09\/03\/resistencia-demoraron-a-un-hombre-y-secuestraron-una-notebook-tras-una-denuncia-por-hurto\/","title":{"rendered":"RESISTENCIA:   Demoraron A Un Hombre Y Secuestraron Una Notebook Tras Una Denuncia Por Hurto"},"content":{"rendered":"\n<p>Este mi\u00e9rcoles, alrededor de las 16:45, efectivos de la Comisar\u00eda Decimotercera de Resistencia intervinieron en una causa por supuesto hurto, iniciada tras la denuncia de una mujer que advirti\u00f3 la sustracci\u00f3n de distintos bienes y movimientos no autorizados en sus cuentas virtuales.<\/p>\n\n\n\n<p>Seg\u00fan la presentaci\u00f3n, su pareja se habr\u00eda retirado durante la madrugada sin autorizaci\u00f3n con su autom\u00f3vil, un tel\u00e9fono celular y una computadora notebook que se encontraba en el interior del veh\u00edculo. Horas m\u00e1s tarde, el hombre regres\u00f3 con el rodado, aunque la denunciante constat\u00f3 da\u00f1os y faltantes, adem\u00e1s de operaciones no autorizadas e intentos de solicitar pr\u00e9stamos utilizando sus billeteras virtuales.<\/p>\n\n\n\n<p>A partir de las tareas investigativas realizadas por el Servicio Externo de la unidad, los efectivos lograron localizar al sospechoso mientras circulaba a pie en inmediaciones de las avenidas Juana Azurduy y Juan Manuel de Rosas. Durante el procedimiento, llevaba un bolso que conten\u00eda una notebook de similares caracter\u00edsticas a la denunciada como sustra\u00edda.<\/p>\n\n\n\n<p>Finalmente, la Fiscal\u00eda de G\u00e9nero N\u00b0 4 dispuso la aprehensi\u00f3n del hombre en el marco de la causa, adem\u00e1s del otorgamiento de un bot\u00f3n antip\u00e1nico a la damnificada. Tambi\u00e9n se ordenaron medidas complementarias, entre ellas la correcta identificaci\u00f3n del detenido y la constataci\u00f3n del veh\u00edculo.<\/p>\n","protected":false},"excerpt":{"rendered":"<p>03-Sep-26 El procedimiento se concret\u00f3 este mi\u00e9rcoles por la tarde en Resistencia. El sospechoso fue localizado por efectivos del Servicio Externo de la Comisar\u00eda Decimotercera y qued\u00f3 aprehendido por disposici\u00f3n de la Fiscal\u00eda interviniente.<\/p>\n","protected":false},"author":3,"featured_media":382640,"comment_status":"closed","ping_status":"closed","sticky":false,"template":"","format":"standard","meta":[],"categories":[103],"tags":[],"_links":{"self":[{"href":"http:\/\/www.noticiasdelparana.com.ar\/NuevaEdicion\/wp-json\/wp\/v2\/posts\/382639"}],"collection":[{"href":"http:\/\/www.noticiasdelparana.com.ar\/NuevaEdicion\/wp-json\/wp\/v2\/posts"}],"about":[{"href":"http:\/\/www.noticiasdelparana.com.ar\/NuevaEdicion\/wp-json\/wp\/v2\/types\/post"}],"author":[{"embeddable":true,"href":"http:\/\/www.noticiasdelparana.com.ar\/NuevaEdicion\/wp-json\/wp\/v2\/users\/3"}],"replies":[{"embeddable":true,"href":"http:\/\/www.noticiasdelparana.com.ar\/NuevaEdicion\/wp-json\/wp\/v2\/comments?post=382639"}],"version-history":[{"count":1,"href":"http:\/\/www.noticiasdelparana.com.ar\/NuevaEdicion\/wp-json\/wp\/v2\/posts\/382639\/revisions"}],"predecessor-version":[{"id":382641,"href":"http:\/\/www.noticiasdelparana.com.ar\/NuevaEdicion\/wp-json\/wp\/v2\/posts\/382639\/revisions\/382641"}],"wp:featuredmedia":[{"embeddable":true,"href":"http:\/\/www.noticiasdelparana.com.ar\/NuevaEdicion\/wp-json\/wp\/v2\/media\/382640"}],"wp:attachment":[{"href":"http:\/\/www.noticiasdelparana.com.ar\/NuevaEdicion\/wp-json\/wp\/v2\/media?parent=382639"}],"wp:term":[{"taxonomy":"category","embeddable":true,"href":"http:\/\/www.noticiasdelparana.com.ar\/NuevaEdicion\/wp-json\/wp\/v2\/categories?post=382639"},{"taxonomy":"post_tag","embeddable":true,"href":"http:\/\/www.noticiasdelparana.com.ar\/NuevaEdicion\/wp-json\/wp\/v2\/tags?post=382639"}],"curies":[{"name":"wp","href":"https:\/\/api.w.org\/{rel}","templated":true}]}}