{"id":382652,"date":"2026-09-03T09:31:59","date_gmt":"2026-09-03T12:31:59","guid":{"rendered":"http:\/\/www.noticiasdelparana.com.ar\/NuevaEdicion\/?p=382652"},"modified":"2026-09-03T09:32:05","modified_gmt":"2026-09-03T12:32:05","slug":"corrientes-instalaron-un-aula-taller-movil-en-la-costanera-que-se-puede-aprender-y-como-funciona","status":"publish","type":"post","link":"http:\/\/www.noticiasdelparana.com.ar\/NuevaEdicion\/2026\/09\/03\/corrientes-instalaron-un-aula-taller-movil-en-la-costanera-que-se-puede-aprender-y-como-funciona\/","title":{"rendered":"CORRIENTES: Instalaron Un Aula Taller M\u00f3vil En La Costanera: Qu\u00e9 Se Puede Aprender Y C\u00f3mo Funciona"},"content":{"rendered":"\n<p>El Gobierno Provincial, a trav\u00e9s del Ministerio de Educaci\u00f3n, instal\u00f3 un Aula Taller M\u00f3vil de Saberes Digitales en la costanera de la capital correntina, donde se desarrollar\u00e1n actividades de formaci\u00f3n y experimentaci\u00f3n desde este 2 de septiembre hasta el 4 de diciembre.<\/p>\n\n\n\n<p>Las clases se realizar\u00e1n de lunes a viernes, mientras que los s\u00e1bados el espacio estar\u00e1 habilitado para el p\u00fablico en general.<\/p>\n\n\n\n<p>La ministra de Educaci\u00f3n, Ana Mi\u00f1o, visit\u00f3 el Aula Taller M\u00f3vil y destac\u00f3 la propuesta de aprendizaje basada en el hacer. El espacio invita a experimentar, crear, dise\u00f1ar, construir, programar y resolver desaf\u00edos a trav\u00e9s de distintas herramientas tecnol\u00f3gicas.<\/p>\n\n\n\n<p>El Aula articula dise\u00f1o e impresi\u00f3n 3D, programaci\u00f3n, inteligencia artificial, realidad aumentada, electr\u00f3nica y pensamiento computacional, con experiencias vinculadas a diferentes \u00e1reas del conocimiento.<\/p>\n\n\n\n<p>Adem\u00e1s, incorpora propuestas orientadas a la accesibilidad y la inclusi\u00f3n, entre ellas estaciones sensoriales, dispositivos interactivos y objetos dise\u00f1ados e impresos en 3D que permiten distintas formas de interacci\u00f3n.<\/p>\n\n\n\n<p>La iniciativa busca que los participantes puedan transformar una idea en un dise\u00f1o, convertirlo en un prototipo y avanzar hasta encontrar una soluci\u00f3n concreta mediante el uso de la tecnolog\u00eda.<\/p>\n\n\n\n<p>Con Informaci\u00f3n de El Litoral<\/p>\n","protected":false},"excerpt":{"rendered":"<p>03-Sept-26 La propuesta funcionar\u00e1 desde este 2 de septiembre hasta el 4 de diciembre.<\/p>\n","protected":false},"author":4,"featured_media":382643,"comment_status":"closed","ping_status":"closed","sticky":false,"template":"","format":"standard","meta":[],"categories":[139],"tags":[],"_links":{"self":[{"href":"http:\/\/www.noticiasdelparana.com.ar\/NuevaEdicion\/wp-json\/wp\/v2\/posts\/382652"}],"collection":[{"href":"http:\/\/www.noticiasdelparana.com.ar\/NuevaEdicion\/wp-json\/wp\/v2\/posts"}],"about":[{"href":"http:\/\/www.noticiasdelparana.com.ar\/NuevaEdicion\/wp-json\/wp\/v2\/types\/post"}],"author":[{"embeddable":true,"href":"http:\/\/www.noticiasdelparana.com.ar\/NuevaEdicion\/wp-json\/wp\/v2\/users\/4"}],"replies":[{"embeddable":true,"href":"http:\/\/www.noticiasdelparana.com.ar\/NuevaEdicion\/wp-json\/wp\/v2\/comments?post=382652"}],"version-history":[{"count":1,"href":"http:\/\/www.noticiasdelparana.com.ar\/NuevaEdicion\/wp-json\/wp\/v2\/posts\/382652\/revisions"}],"predecessor-version":[{"id":382653,"href":"http:\/\/www.noticiasdelparana.com.ar\/NuevaEdicion\/wp-json\/wp\/v2\/posts\/382652\/revisions\/382653"}],"wp:featuredmedia":[{"embeddable":true,"href":"http:\/\/www.noticiasdelparana.com.ar\/NuevaEdicion\/wp-json\/wp\/v2\/media\/382643"}],"wp:attachment":[{"href":"http:\/\/www.noticiasdelparana.com.ar\/NuevaEdicion\/wp-json\/wp\/v2\/media?parent=382652"}],"wp:term":[{"taxonomy":"category","embeddable":true,"href":"http:\/\/www.noticiasdelparana.com.ar\/NuevaEdicion\/wp-json\/wp\/v2\/categories?post=382652"},{"taxonomy":"post_tag","embeddable":true,"href":"http:\/\/www.noticiasdelparana.com.ar\/NuevaEdicion\/wp-json\/wp\/v2\/tags?post=382652"}],"curies":[{"name":"wp","href":"https:\/\/api.w.org\/{rel}","templated":true}]}}