{"id":382654,"date":"2026-09-03T09:32:51","date_gmt":"2026-09-03T12:32:51","guid":{"rendered":"http:\/\/www.noticiasdelparana.com.ar\/NuevaEdicion\/?p=382654"},"modified":"2026-09-03T09:32:55","modified_gmt":"2026-09-03T12:32:55","slug":"corrientes-juan-pablo-valdes-destaco-la-llegada-de-maquinaria-para-la-primera-planta-de-madera-contralaminada-del-pais","status":"publish","type":"post","link":"http:\/\/www.noticiasdelparana.com.ar\/NuevaEdicion\/2026\/09\/03\/corrientes-juan-pablo-valdes-destaco-la-llegada-de-maquinaria-para-la-primera-planta-de-madera-contralaminada-del-pais\/","title":{"rendered":"CORRIENTES: Juan Pablo Vald\u00e9s destac\u00f3 la llegada de maquinaria para la primera planta de madera contralaminada del pa\u00eds"},"content":{"rendered":"\n<p>El gobernador de Corrientes, Juan Pablo Vald\u00e9s, calific\u00f3 como una jornada hist\u00f3rica para la provincia el arribo al puerto de la Capital de 47 contenedores con maquinaria pesada.<\/p>\n\n\n\n<p>El equipamiento log\u00edstico est\u00e1 destinado al montaje de Cambium Build, la primera planta industrial de madera contralaminada (CLT) de la Argentina, que tendr\u00e1 su base operativa en la localidad de Gobernador Virasoro.<\/p>\n\n\n\n<p>El mandatario provincial enmarc\u00f3 este avance en los anuncios realizados en el mes de junio, destacando el rol del Estado como facilitador de inversiones privadas.<\/p>\n\n\n\n<p>&#8220;La empresa invertir\u00e1 m\u00e1s de 20 millones de d\u00f3lares en este proyecto para generar desde ac\u00e1, con nuestra madera, tecnolog\u00eda de punta y mano de obra correntina, material de construcci\u00f3n de vanguardia para viviendas y edificios&#8221;, precis\u00f3.<\/p>\n\n\n\n<p>En ese sentido, remarc\u00f3 la importancia de fortalecer al sector privado como motor del empleo formal: &#8220;Desde el Gobierno de Corrientes generamos las condiciones para que nos elijan. Trabajaremos para que este sea el primero de muchos cargamentos que lleguen para impulsar la industria correntina&#8221;.<\/p>\n\n\n\n<p>Tecnolog\u00eda de vanguardia e impacto productivo en Virasoro<\/p>\n\n\n\n<p>La futura planta industrial contar\u00e1 con una superficie cubierta de 4.800 metros cuadrados y estar\u00e1 orientada a la producci\u00f3n de madera de ingenier\u00eda de alto valor agregado.<\/p>\n\n\n\n<p>El complejo incorporar\u00e1 tecnolog\u00eda Mass Timber, un sistema de \u00faltima generaci\u00f3n que transforma madera renovable en componentes estructurales de gran formato.<\/p>\n\n\n\n<p>Este m\u00e9todo constructivo permite la edificaci\u00f3n de estructuras m\u00e1s altas en menores plazos, reduciendo hasta un 50 % los tiempos de obra en comparaci\u00f3n con los sistemas tradicionales basados en hormig\u00f3n y acero.<\/p>\n\n\n\n<p>A su vez, la combinaci\u00f3n de industrializaci\u00f3n y digitalizaci\u00f3n optimiza recursos y garantiza una huella de carbono significativamente menor.<\/p>\n\n\n\n<p>El desembarco de la industria maderera en Gobernador Virasoro tendr\u00e1 un impacto directo en el desarrollo econ\u00f3mico regional. Seg\u00fan las proyecciones t\u00e9cnicas, la operatividad del complejo industrial demandar\u00e1 la creaci\u00f3n de 300 puestos de trabajo, entre directos e indirectos, promoviendo adem\u00e1s la formaci\u00f3n de mano de obra local especializada.<\/p>\n\n\n\n<p>Con Informaci\u00f3n de El Litoral<\/p>\n","protected":false},"excerpt":{"rendered":"<p>03-Sept-26 El gobernador de Corrientes celebr\u00f3 el arribo de 47 contenedores al puerto de la Capital con equipamiento destinado a la firma que se instalar\u00e1 en Gobernador Virasoro. <\/p>\n","protected":false},"author":4,"featured_media":382645,"comment_status":"closed","ping_status":"closed","sticky":false,"template":"","format":"standard","meta":[],"categories":[139],"tags":[],"_links":{"self":[{"href":"http:\/\/www.noticiasdelparana.com.ar\/NuevaEdicion\/wp-json\/wp\/v2\/posts\/382654"}],"collection":[{"href":"http:\/\/www.noticiasdelparana.com.ar\/NuevaEdicion\/wp-json\/wp\/v2\/posts"}],"about":[{"href":"http:\/\/www.noticiasdelparana.com.ar\/NuevaEdicion\/wp-json\/wp\/v2\/types\/post"}],"author":[{"embeddable":true,"href":"http:\/\/www.noticiasdelparana.com.ar\/NuevaEdicion\/wp-json\/wp\/v2\/users\/4"}],"replies":[{"embeddable":true,"href":"http:\/\/www.noticiasdelparana.com.ar\/NuevaEdicion\/wp-json\/wp\/v2\/comments?post=382654"}],"version-history":[{"count":1,"href":"http:\/\/www.noticiasdelparana.com.ar\/NuevaEdicion\/wp-json\/wp\/v2\/posts\/382654\/revisions"}],"predecessor-version":[{"id":382655,"href":"http:\/\/www.noticiasdelparana.com.ar\/NuevaEdicion\/wp-json\/wp\/v2\/posts\/382654\/revisions\/382655"}],"wp:featuredmedia":[{"embeddable":true,"href":"http:\/\/www.noticiasdelparana.com.ar\/NuevaEdicion\/wp-json\/wp\/v2\/media\/382645"}],"wp:attachment":[{"href":"http:\/\/www.noticiasdelparana.com.ar\/NuevaEdicion\/wp-json\/wp\/v2\/media?parent=382654"}],"wp:term":[{"taxonomy":"category","embeddable":true,"href":"http:\/\/www.noticiasdelparana.com.ar\/NuevaEdicion\/wp-json\/wp\/v2\/categories?post=382654"},{"taxonomy":"post_tag","embeddable":true,"href":"http:\/\/www.noticiasdelparana.com.ar\/NuevaEdicion\/wp-json\/wp\/v2\/tags?post=382654"}],"curies":[{"name":"wp","href":"https:\/\/api.w.org\/{rel}","templated":true}]}}