{"id":382656,"date":"2026-09-03T09:38:24","date_gmt":"2026-09-03T12:38:24","guid":{"rendered":"http:\/\/www.noticiasdelparana.com.ar\/NuevaEdicion\/?p=382656"},"modified":"2026-09-03T09:38:29","modified_gmt":"2026-09-03T12:38:29","slug":"villa-angela-separaron-de-la-fuerza-a-dos-policias-acusados-de-agredir-a-una-persona-que-estaba-reducida","status":"publish","type":"post","link":"http:\/\/www.noticiasdelparana.com.ar\/NuevaEdicion\/2026\/09\/03\/villa-angela-separaron-de-la-fuerza-a-dos-policias-acusados-de-agredir-a-una-persona-que-estaba-reducida\/","title":{"rendered":"VILLA \u00c1NGELA: Separaron De La Fuerza A Dos Polic\u00edas Acusados De Agredir A Una Persona Que Estaba Reducida"},"content":{"rendered":"\n<p>El ministro de Seguridad, Hugo Matkovich, orden\u00f3 actuar de manera inmediata ante la denuncia por presuntas agresiones protagonizadas por efectivos policiales de Villa \u00c1ngela, cuyo accionar qued\u00f3 registrado en c\u00e1maras de seguridad y posteriormente fue difundido en redes sociales.&nbsp;<\/p>\n\n\n\n<p>Ante la gravedad de la situaci\u00f3n, el \u00d3rgano de Control Institucional inici\u00f3 el correspondiente sumario administrativo y dispuso la separaci\u00f3n del servicio con retenci\u00f3n de haberes, para los dos efectivos involucrados, mientras se desarrolla la investigaci\u00f3n destinada a determinar las responsabilidades correspondientes.<\/p>\n\n\n\n<p>El ministro de Seguridad y la c\u00fapula policial fueron contundentes al disponer que se investigue el hecho con el m\u00e1ximo rigor y que, de comprobarse las conductas denunciadas, se apliquen las sanciones m\u00e1s severas que permita la legislaci\u00f3n vigente.<\/p>\n\n\n\n<p>TOLERANCIA CERO A QUIENES SE APARTEN DE LA LEY<\/p>\n\n\n\n<p>Desde el Ministerio de Seguridad y la instituci\u00f3n policial se reafirma una decisi\u00f3n clara: no habr\u00e1 lugar para abusos, excesos ni conductas que vulneren los derechos de los ciudadanos dentro de la Polic\u00eda del Chaco.<\/p>\n\n\n\n<p>&#8220;La sociedad chaque\u00f1a necesita y merece una Polic\u00eda profesional, preparada, comprometida y respetuosa de la ley. Por eso, quienes cumplen su funci\u00f3n correctamente tendr\u00e1n siempre el respaldo y el acompa\u00f1amiento del Estado; pero quienes utilicen el uniforme para apartarse de la ley deber\u00e1n responder por sus actos&#8221;, se\u00f1alaron.<\/p>\n\n\n\n<p>&#8220;No se va a encubrir a nadie. No se va a mirar hacia otro lado. El uniforme policial no otorga privilegios ni impunidad: implica responsabilidad, autoridad y un compromiso permanente con la sociedad. La seguridad se construye con polic\u00edas comprometidos y ciudadanos que conf\u00edan en sus instituciones. Por eso, la decisi\u00f3n es clara: dentro de la ley, todo el respaldo; fuera de la ley, todo el rigor&#8221;, agregaron.<\/p>\n\n\n\n<p>Tanto el ministro como la c\u00fapula policial destacaron que &#8220;las conductas de unos pocos no van a ensuciar a la instituci\u00f3n y no van a desprestigiar la labor que realizan miles de hombres y mujeres que todos los d\u00edas se pone el uniforme y dejan en alto la instituci\u00f3n&#8221;, concluyeron.<\/p>\n","protected":false},"excerpt":{"rendered":"<p>03-Sep-26 El \u00d3rgano de Control Institucional inici\u00f3 el correspondiente sumario administrativo y dispuso la separaci\u00f3n del servicio con retenci\u00f3n de haberes, para los dos efectivos involucrados.<\/p>\n","protected":false},"author":3,"featured_media":382657,"comment_status":"closed","ping_status":"closed","sticky":false,"template":"","format":"standard","meta":[],"categories":[103],"tags":[],"_links":{"self":[{"href":"http:\/\/www.noticiasdelparana.com.ar\/NuevaEdicion\/wp-json\/wp\/v2\/posts\/382656"}],"collection":[{"href":"http:\/\/www.noticiasdelparana.com.ar\/NuevaEdicion\/wp-json\/wp\/v2\/posts"}],"about":[{"href":"http:\/\/www.noticiasdelparana.com.ar\/NuevaEdicion\/wp-json\/wp\/v2\/types\/post"}],"author":[{"embeddable":true,"href":"http:\/\/www.noticiasdelparana.com.ar\/NuevaEdicion\/wp-json\/wp\/v2\/users\/3"}],"replies":[{"embeddable":true,"href":"http:\/\/www.noticiasdelparana.com.ar\/NuevaEdicion\/wp-json\/wp\/v2\/comments?post=382656"}],"version-history":[{"count":1,"href":"http:\/\/www.noticiasdelparana.com.ar\/NuevaEdicion\/wp-json\/wp\/v2\/posts\/382656\/revisions"}],"predecessor-version":[{"id":382658,"href":"http:\/\/www.noticiasdelparana.com.ar\/NuevaEdicion\/wp-json\/wp\/v2\/posts\/382656\/revisions\/382658"}],"wp:featuredmedia":[{"embeddable":true,"href":"http:\/\/www.noticiasdelparana.com.ar\/NuevaEdicion\/wp-json\/wp\/v2\/media\/382657"}],"wp:attachment":[{"href":"http:\/\/www.noticiasdelparana.com.ar\/NuevaEdicion\/wp-json\/wp\/v2\/media?parent=382656"}],"wp:term":[{"taxonomy":"category","embeddable":true,"href":"http:\/\/www.noticiasdelparana.com.ar\/NuevaEdicion\/wp-json\/wp\/v2\/categories?post=382656"},{"taxonomy":"post_tag","embeddable":true,"href":"http:\/\/www.noticiasdelparana.com.ar\/NuevaEdicion\/wp-json\/wp\/v2\/tags?post=382656"}],"curies":[{"name":"wp","href":"https:\/\/api.w.org\/{rel}","templated":true}]}}