{"id":382659,"date":"2026-09-03T11:06:49","date_gmt":"2026-09-03T14:06:49","guid":{"rendered":"http:\/\/www.noticiasdelparana.com.ar\/NuevaEdicion\/?p=382659"},"modified":"2026-09-03T11:06:56","modified_gmt":"2026-09-03T14:06:56","slug":"resistencia-murio-el-joven-que-habia-sido-baleado-por-la-avenida-lavalle-tras-un-presunto-ajuste-de-cuentas","status":"publish","type":"post","link":"http:\/\/www.noticiasdelparana.com.ar\/NuevaEdicion\/2026\/09\/03\/resistencia-murio-el-joven-que-habia-sido-baleado-por-la-avenida-lavalle-tras-un-presunto-ajuste-de-cuentas\/","title":{"rendered":"RESISTENCIA: Muri\u00f3 El Joven Que Hab\u00eda Sido Baleado Por La Avenida Lavalle, Tras Un Presunto Ajuste De Cuentas"},"content":{"rendered":"\n<p>Este jueves, seg\u00fan inform\u00f3 el abogado Miguel Barcel\u00f3, falleci\u00f3 Miguel \u00c1ngel Simek Godoy, de 24 a\u00f1os, el joven que hab\u00eda sido baleado por la avenida Lavalle y calle 1, durante el mediod\u00eda del feriado del 17 de agosto pasado.&nbsp;<\/p>\n\n\n\n<p>Ese d\u00eda, vecinos alertaron sobre un hombre que hab\u00eda recibido varios disparos. Poco despu\u00e9s, la v\u00edctima fue trasladada por sus propios medios hasta el Hospital Perrando.<\/p>\n\n\n\n<p>En el centro de salud fue examinado inicialmente por los m\u00e9dicos, quienes diagnosticaron una herida de arma de fuego en el t\u00f3rax. Posteriormente, estudios complementarios determinaron adem\u00e1s una fractura de h\u00famero derecho provocada por un proyectil.<\/p>\n\n\n\n<p>Al ser entrevistado por los investigadores, el joven manifest\u00f3 que habr\u00eda sido atacado por un hombre al que conoce como Dar\u00edo, con quien mantendr\u00eda problemas de vieja data.<\/p>\n\n\n\n<p>La Polic\u00eda obtuvo la identidad del presunto agresor, se\u00f1alado como Dar\u00edo P\u00e9rez, alias &#8220;Cuchillo&#8221;, quien tras el ataque habr\u00eda escapado a bordo de una motocicleta de 125 cilindradas. Luego, se entreg\u00f3 en la Comisar\u00eda D\u00e9cima.<\/p>\n\n\n\n<p>El deceso de Simek se produjo este jueves, alrededor de las 6.30, por un&#8221;Fallo multiorg\u00e1nico, shock s\u00e9ptico a foco respiratorio y abdominal, herida de arma de fuego en t\u00f3rax.&#8221; Sus restos permanecen en el servicio de U.T.I del Perrando.<\/p>\n","protected":false},"excerpt":{"rendered":"<p>03-Sep-26 El sujeto habr\u00eda recibido varios disparos de arma de fuego cuando circulaba por la arteria. El agresor primero escap\u00f3 y luego se entreg\u00f3 en la Comisar\u00eda D\u00e9cima.<\/p>\n","protected":false},"author":3,"featured_media":382664,"comment_status":"closed","ping_status":"closed","sticky":false,"template":"","format":"standard","meta":[],"categories":[103],"tags":[],"_links":{"self":[{"href":"http:\/\/www.noticiasdelparana.com.ar\/NuevaEdicion\/wp-json\/wp\/v2\/posts\/382659"}],"collection":[{"href":"http:\/\/www.noticiasdelparana.com.ar\/NuevaEdicion\/wp-json\/wp\/v2\/posts"}],"about":[{"href":"http:\/\/www.noticiasdelparana.com.ar\/NuevaEdicion\/wp-json\/wp\/v2\/types\/post"}],"author":[{"embeddable":true,"href":"http:\/\/www.noticiasdelparana.com.ar\/NuevaEdicion\/wp-json\/wp\/v2\/users\/3"}],"replies":[{"embeddable":true,"href":"http:\/\/www.noticiasdelparana.com.ar\/NuevaEdicion\/wp-json\/wp\/v2\/comments?post=382659"}],"version-history":[{"count":1,"href":"http:\/\/www.noticiasdelparana.com.ar\/NuevaEdicion\/wp-json\/wp\/v2\/posts\/382659\/revisions"}],"predecessor-version":[{"id":382665,"href":"http:\/\/www.noticiasdelparana.com.ar\/NuevaEdicion\/wp-json\/wp\/v2\/posts\/382659\/revisions\/382665"}],"wp:featuredmedia":[{"embeddable":true,"href":"http:\/\/www.noticiasdelparana.com.ar\/NuevaEdicion\/wp-json\/wp\/v2\/media\/382664"}],"wp:attachment":[{"href":"http:\/\/www.noticiasdelparana.com.ar\/NuevaEdicion\/wp-json\/wp\/v2\/media?parent=382659"}],"wp:term":[{"taxonomy":"category","embeddable":true,"href":"http:\/\/www.noticiasdelparana.com.ar\/NuevaEdicion\/wp-json\/wp\/v2\/categories?post=382659"},{"taxonomy":"post_tag","embeddable":true,"href":"http:\/\/www.noticiasdelparana.com.ar\/NuevaEdicion\/wp-json\/wp\/v2\/tags?post=382659"}],"curies":[{"name":"wp","href":"https:\/\/api.w.org\/{rel}","templated":true}]}}