{"id":382661,"date":"2026-09-03T11:05:04","date_gmt":"2026-09-03T14:05:04","guid":{"rendered":"http:\/\/www.noticiasdelparana.com.ar\/NuevaEdicion\/?p=382661"},"modified":"2026-09-03T11:05:09","modified_gmt":"2026-09-03T14:05:09","slug":"las-brenas-avanza-la-pavimentacion-de-la-ruta-provincial-n-6-para-fortalecer-la-conectividad-en-localidad","status":"publish","type":"post","link":"http:\/\/www.noticiasdelparana.com.ar\/NuevaEdicion\/2026\/09\/03\/las-brenas-avanza-la-pavimentacion-de-la-ruta-provincial-n-6-para-fortalecer-la-conectividad-en-localidad\/","title":{"rendered":"LAS BRE\u00d1AS: Avanza La Pavimentaci\u00f3n De La Ruta Provincial N\u00b0 6 Para Fortalecer La Conectividad En Localidad"},"content":{"rendered":"\n<p>\u201cEs una intervenci\u00f3n estrat\u00e9gica del Gobernador Zdero para mejorar la circulaci\u00f3n y acompa\u00f1ar el crecimiento productivo del sudoeste chaque\u00f1o\u201d, destac\u00f3 el viceadministrador de Vialidad Provincial, Gustavo De Martini.<\/p>\n\n\n\n<p>El Gobierno del Chaco, a trav\u00e9s de Vialidad Provincial, avanza con los trabajos de pavimentaci\u00f3n de la Ruta Provincial N\u00b0 6, la intervenci\u00f3n incluye adem\u00e1s trabajos sobre el Acceso Oeste a Las Bre\u00f1as, que permitir\u00e1n optimizar la vinculaci\u00f3n de la ruta con la trama urbana y mejorar las condiciones de circulaci\u00f3n para vecinos, transportistas y quienes transitan diariamente por este corredor.<\/p>\n\n\n\n<p>\u201cEstamos avanzando con una obra que tiene un impacto directo en la conectividad de Las Bre\u00f1as y de toda esta zona del sudoeste chaque\u00f1o. Mejorar las rutas significa facilitar el traslado de la producci\u00f3n, reducir tiempos de viaje y brindar mayor seguridad a quienes utilizan estos corredores\u201d, se\u00f1al\u00f3 De Martini.<\/p>\n\n\n\n<p>El viceadministrador de Vialidad Provincial remarc\u00f3 que la Ruta Provincial N\u00b0 6 cumple un rol fundamental para la circulaci\u00f3n regional. \u201cEsta intervenci\u00f3n no solamente mejora una v\u00eda de comunicaci\u00f3n, sino que acompa\u00f1a el crecimiento de una regi\u00f3n productiva muy importante para la provincia. Contar con infraestructura vial en mejores condiciones es fundamental para que la producci\u00f3n pueda salir y llegar a destino de manera m\u00e1s segura y eficiente\u201d, sostuvo.<\/p>\n\n\n\n<p>En este sentido, los trabajos permitir\u00e1n fortalecer la vinculaci\u00f3n entre las distintas localidades y parajes de la zona, favoreciendo tanto el tr\u00e1nsito cotidiano como el movimiento de bienes y productos.<\/p>\n\n\n\n<p>\u201cLa infraestructura es una herramienta clave para el desarrollo. Desde Vialidad Provincial seguimos trabajando para recuperar y mejorar corredores estrat\u00e9gicos, priorizando aquellas obras que tienen un impacto concreto en la vida de los chaque\u00f1os y en la actividad econ\u00f3mica de cada regi\u00f3n\u201d, afirm\u00f3 De Martini.<\/p>\n\n\n\n<p>La pavimentaci\u00f3n de la Ruta Provincial N\u00b0 6 y las obras complementarias en el Acceso Oeste forman parte de las acciones impulsadas por el Gobernador Leandro Zdero para mejorar la red vial chaque\u00f1a, fortalecer la integraci\u00f3n territorial y generar mejores condiciones para la producci\u00f3n y la circulaci\u00f3n.<\/p>\n","protected":false},"excerpt":{"rendered":"<p>03-Sep-26  La obra comprende el tramo entre Pampa Carnevale y el cruce con la Ruta Provincial N\u00b0 24 hasta el acceso a Las Bre\u00f1as, adem\u00e1s de trabajos en el Acceso Oeste. <\/p>\n","protected":false},"author":3,"featured_media":382662,"comment_status":"closed","ping_status":"closed","sticky":false,"template":"","format":"standard","meta":[],"categories":[98],"tags":[],"_links":{"self":[{"href":"http:\/\/www.noticiasdelparana.com.ar\/NuevaEdicion\/wp-json\/wp\/v2\/posts\/382661"}],"collection":[{"href":"http:\/\/www.noticiasdelparana.com.ar\/NuevaEdicion\/wp-json\/wp\/v2\/posts"}],"about":[{"href":"http:\/\/www.noticiasdelparana.com.ar\/NuevaEdicion\/wp-json\/wp\/v2\/types\/post"}],"author":[{"embeddable":true,"href":"http:\/\/www.noticiasdelparana.com.ar\/NuevaEdicion\/wp-json\/wp\/v2\/users\/3"}],"replies":[{"embeddable":true,"href":"http:\/\/www.noticiasdelparana.com.ar\/NuevaEdicion\/wp-json\/wp\/v2\/comments?post=382661"}],"version-history":[{"count":1,"href":"http:\/\/www.noticiasdelparana.com.ar\/NuevaEdicion\/wp-json\/wp\/v2\/posts\/382661\/revisions"}],"predecessor-version":[{"id":382663,"href":"http:\/\/www.noticiasdelparana.com.ar\/NuevaEdicion\/wp-json\/wp\/v2\/posts\/382661\/revisions\/382663"}],"wp:featuredmedia":[{"embeddable":true,"href":"http:\/\/www.noticiasdelparana.com.ar\/NuevaEdicion\/wp-json\/wp\/v2\/media\/382662"}],"wp:attachment":[{"href":"http:\/\/www.noticiasdelparana.com.ar\/NuevaEdicion\/wp-json\/wp\/v2\/media?parent=382661"}],"wp:term":[{"taxonomy":"category","embeddable":true,"href":"http:\/\/www.noticiasdelparana.com.ar\/NuevaEdicion\/wp-json\/wp\/v2\/categories?post=382661"},{"taxonomy":"post_tag","embeddable":true,"href":"http:\/\/www.noticiasdelparana.com.ar\/NuevaEdicion\/wp-json\/wp\/v2\/tags?post=382661"}],"curies":[{"name":"wp","href":"https:\/\/api.w.org\/{rel}","templated":true}]}}