{"id":382666,"date":"2026-09-03T11:08:30","date_gmt":"2026-09-03T14:08:30","guid":{"rendered":"http:\/\/www.noticiasdelparana.com.ar\/NuevaEdicion\/?p=382666"},"modified":"2026-09-03T11:08:33","modified_gmt":"2026-09-03T14:08:33","slug":"chaco-prevencion-y-respuesta-bomberos-voluntarios-de-isla-del-cerrito-incorporaron-un-hidrodeslizador","status":"publish","type":"post","link":"http:\/\/www.noticiasdelparana.com.ar\/NuevaEdicion\/2026\/09\/03\/chaco-prevencion-y-respuesta-bomberos-voluntarios-de-isla-del-cerrito-incorporaron-un-hidrodeslizador\/","title":{"rendered":"CHACO: Prevenci\u00f3n Y Respuesta: Bomberos Voluntarios De Isla Del Cerrito Incorporaron Un Hidrodeslizador"},"content":{"rendered":"\n<p>En el marco del operativo preventivo y log\u00edstico dispuesto de cara al XXII Torneo Internacional de Pesca del Dorado con Devoluci\u00f3n, que se desarrollar\u00e1 del 4 al 6 de septiembre en Isla del Cerrito, autoridades provinciales visitaron las instalaciones del Club Regatas para acompa\u00f1ar a los Bomberos Voluntarios de la localidad y conocer el nuevo equipamiento incorporado para fortalecer la respuesta ante emergencias.<\/p>\n\n\n\n<p>El ministro de Gobierno del Chaco, Carim Peche, junto al subsecretario de Protecci\u00f3n Civil de la Provincia, Gustavo Ariel Santo, y el presidente de la Asociaci\u00f3n Civil de Bomberos Voluntarios de Isla del Cerrito, Jorge Godoy, participaron de una prueba operativa y demostraci\u00f3n t\u00e9cnica del moderno hidrodeslizador, realizada en aguas del R\u00edo Negro.<\/p>\n\n\n\n<p>La nueva unidad constituye una herramienta de alta operatividad para intervenir en sectores donde las embarcaciones convencionales presentan dificultades, especialmente en zonas anegadas, de poca profundidad, con camalotes o de dif\u00edcil acceso terrestre. De esta manera, permitir\u00e1 optimizar tareas de rescate, evacuaci\u00f3n y traslado de personas ante situaciones de emergencia. \u201cFelicitamos a los Bomberos de Isla del Cerrito por esta adquisici\u00f3n que servir\u00e1 para salvar vidas. Se desliza espectacularmente en poca agua y sobre camalotes. Nos prepara mejor ante lo que pueda traer el fen\u00f3meno de El Ni\u00f1o\u201d, destac\u00f3 el ministro Carim Peche.<\/p>\n\n\n\n<p>Por su parte, el subsecretario de Protecci\u00f3n Civil, Gustavo Santo, resalt\u00f3 la importancia de contar con equipamiento espec\u00edfico y operativo en una zona estrat\u00e9gica por su ubicaci\u00f3n ribere\u00f1a.<\/p>\n\n\n\n<p>\u201cComprobamos en territorio c\u00f3mo trabaja esta valiosa herramienta t\u00e9cnica. Agradecemos tanto a la instituci\u00f3n como al Club Regatas. Este equipo ser\u00e1 fundamental para el esquema de respuesta ante una emergencia h\u00eddrica\u201d, afirm\u00f3.<\/p>\n\n\n\n<p>M\u00e1s capacidad de respuesta en zonas ribere\u00f1as<\/p>\n\n\n\n<p>La incorporaci\u00f3n del hidrodeslizador representa un importante refuerzo para el sistema local de protecci\u00f3n y asistencia, ya que permitir\u00e1 llegar con mayor rapidez a sectores aislados por desbordes o anegamientos, donde los accesos terrestres puedan quedar interrumpidos.<\/p>\n\n\n\n<p>El nuevo recurso tambi\u00e9n se suma al esquema preventivo desplegado por la Provincia ante la eventual ocurrencia de fen\u00f3menos meteorol\u00f3gicos asociados a El Ni\u00f1o, fortaleciendo la capacidad de intervenci\u00f3n de los equipos de emergencia en \u00e1reas vulnerables.<\/p>\n\n\n\n<p>A su vez, durante el Torneo Internacional de Pesca del Dorado, la unidad estar\u00e1 disponible para acompa\u00f1ar el dispositivo de seguridad y prevenci\u00f3n, brindando una herramienta especializada para responder ante eventuales situaciones de emergencia en el \u00e1mbito acu\u00e1tico.<\/p>\n\n\n\n<p>Con esta incorporaci\u00f3n, los Bomberos Voluntarios de Isla del Cerrito ampl\u00edan su capacidad operativa y refuerzan el trabajo articulado con los organismos provinciales de Protecci\u00f3n Civil para prevenir, asistir y responder ante emergencias en uno de los principales destinos tur\u00edsticos y ribere\u00f1os del Chaco.<\/p>\n","protected":false},"excerpt":{"rendered":"<p>03-Sep-26  La nueva unidad permitir\u00e1 realizar rescates y traslados de emergencia en zonas anegadas, de escasa profundidad o con presencia de vegetaci\u00f3n acu\u00e1tica. El equipo fortalecer\u00e1 la capacidad de respuesta ante eventuales emergencias h\u00eddricas y durante el XXII Torneo Internacional de Pesca del Dorado con Devoluci\u00f3n.<\/p>\n","protected":false},"author":3,"featured_media":382667,"comment_status":"closed","ping_status":"closed","sticky":false,"template":"","format":"standard","meta":[],"categories":[98],"tags":[],"_links":{"self":[{"href":"http:\/\/www.noticiasdelparana.com.ar\/NuevaEdicion\/wp-json\/wp\/v2\/posts\/382666"}],"collection":[{"href":"http:\/\/www.noticiasdelparana.com.ar\/NuevaEdicion\/wp-json\/wp\/v2\/posts"}],"about":[{"href":"http:\/\/www.noticiasdelparana.com.ar\/NuevaEdicion\/wp-json\/wp\/v2\/types\/post"}],"author":[{"embeddable":true,"href":"http:\/\/www.noticiasdelparana.com.ar\/NuevaEdicion\/wp-json\/wp\/v2\/users\/3"}],"replies":[{"embeddable":true,"href":"http:\/\/www.noticiasdelparana.com.ar\/NuevaEdicion\/wp-json\/wp\/v2\/comments?post=382666"}],"version-history":[{"count":1,"href":"http:\/\/www.noticiasdelparana.com.ar\/NuevaEdicion\/wp-json\/wp\/v2\/posts\/382666\/revisions"}],"predecessor-version":[{"id":382668,"href":"http:\/\/www.noticiasdelparana.com.ar\/NuevaEdicion\/wp-json\/wp\/v2\/posts\/382666\/revisions\/382668"}],"wp:featuredmedia":[{"embeddable":true,"href":"http:\/\/www.noticiasdelparana.com.ar\/NuevaEdicion\/wp-json\/wp\/v2\/media\/382667"}],"wp:attachment":[{"href":"http:\/\/www.noticiasdelparana.com.ar\/NuevaEdicion\/wp-json\/wp\/v2\/media?parent=382666"}],"wp:term":[{"taxonomy":"category","embeddable":true,"href":"http:\/\/www.noticiasdelparana.com.ar\/NuevaEdicion\/wp-json\/wp\/v2\/categories?post=382666"},{"taxonomy":"post_tag","embeddable":true,"href":"http:\/\/www.noticiasdelparana.com.ar\/NuevaEdicion\/wp-json\/wp\/v2\/tags?post=382666"}],"curies":[{"name":"wp","href":"https:\/\/api.w.org\/{rel}","templated":true}]}}