{"id":382672,"date":"2026-09-03T11:29:47","date_gmt":"2026-09-03T14:29:47","guid":{"rendered":"http:\/\/www.noticiasdelparana.com.ar\/NuevaEdicion\/?p=382672"},"modified":"2026-09-03T11:30:22","modified_gmt":"2026-09-03T14:30:22","slug":"arecieron-un-hurto-y-recuperaron-un-televisor-tras-una-investigacion","status":"publish","type":"post","link":"http:\/\/www.noticiasdelparana.com.ar\/NuevaEdicion\/2026\/09\/03\/arecieron-un-hurto-y-recuperaron-un-televisor-tras-una-investigacion\/","title":{"rendered":"SAENZ PE\u00d1A: Esclarecieron Un Hurto Y Recuperaron Un Televisor Tras Una Investigaci\u00f3n"},"content":{"rendered":"\n<p>Ayer, efectivos de la Divisi\u00f3n Investigaciones Complejas Interior de S\u00e1enz Pe\u00f1a esclarecieron un supuesto hurto denunciado el martes 1 de septiembre, luego de una serie de averiguaciones que permitieron localizar uno de los elementos sustra\u00eddos.<\/p>\n\n\n\n<p>La denuncia fue radicada ante la Comisar\u00eda Segunda local, donde se inform\u00f3 la sustracci\u00f3n de un Smart TV de 50 pulgadas y un parlante inal\u00e1mbrico, ocurrido durante la madrugada en el barrio La Madrid.<\/p>\n\n\n\n<p>A partir de las tareas investigativas, el personal policial estableci\u00f3 que el televisor hab\u00eda sido comercializado a un vecino del mismo barrio. Al ser entrevistado, el comprador manifest\u00f3 haber adquirido el aparato de buena fe y realiz\u00f3 la entrega voluntaria del mismo, por lo que los agentes procedieron a su formal secuestro.<\/p>\n\n\n\n<p>Finalmente, la Fiscal\u00eda de Investigaci\u00f3n Penal N\u00b0 1 de S\u00e1enz Pe\u00f1a dispuso que el televisor sea entregado bajo acta al denunciante. En tanto, los investigadores contin\u00faan con las diligencias correspondientes para dar con el presunto autor, mientras se instruyen las actuaciones complementarias.<\/p>\n","protected":false},"excerpt":{"rendered":"<p>03-Sep-26 El hecho fue denunciado durante la madrugada del martes. Los investigadores determinaron que el aparato hab\u00eda sido vendido y lograron secuestrarlo. La Fiscal\u00eda interviniente dispuso su restituci\u00f3n al damnificado.<\/p>\n","protected":false},"author":3,"featured_media":382673,"comment_status":"closed","ping_status":"closed","sticky":false,"template":"","format":"standard","meta":[],"categories":[103],"tags":[],"_links":{"self":[{"href":"http:\/\/www.noticiasdelparana.com.ar\/NuevaEdicion\/wp-json\/wp\/v2\/posts\/382672"}],"collection":[{"href":"http:\/\/www.noticiasdelparana.com.ar\/NuevaEdicion\/wp-json\/wp\/v2\/posts"}],"about":[{"href":"http:\/\/www.noticiasdelparana.com.ar\/NuevaEdicion\/wp-json\/wp\/v2\/types\/post"}],"author":[{"embeddable":true,"href":"http:\/\/www.noticiasdelparana.com.ar\/NuevaEdicion\/wp-json\/wp\/v2\/users\/3"}],"replies":[{"embeddable":true,"href":"http:\/\/www.noticiasdelparana.com.ar\/NuevaEdicion\/wp-json\/wp\/v2\/comments?post=382672"}],"version-history":[{"count":2,"href":"http:\/\/www.noticiasdelparana.com.ar\/NuevaEdicion\/wp-json\/wp\/v2\/posts\/382672\/revisions"}],"predecessor-version":[{"id":382675,"href":"http:\/\/www.noticiasdelparana.com.ar\/NuevaEdicion\/wp-json\/wp\/v2\/posts\/382672\/revisions\/382675"}],"wp:featuredmedia":[{"embeddable":true,"href":"http:\/\/www.noticiasdelparana.com.ar\/NuevaEdicion\/wp-json\/wp\/v2\/media\/382673"}],"wp:attachment":[{"href":"http:\/\/www.noticiasdelparana.com.ar\/NuevaEdicion\/wp-json\/wp\/v2\/media?parent=382672"}],"wp:term":[{"taxonomy":"category","embeddable":true,"href":"http:\/\/www.noticiasdelparana.com.ar\/NuevaEdicion\/wp-json\/wp\/v2\/categories?post=382672"},{"taxonomy":"post_tag","embeddable":true,"href":"http:\/\/www.noticiasdelparana.com.ar\/NuevaEdicion\/wp-json\/wp\/v2\/tags?post=382672"}],"curies":[{"name":"wp","href":"https:\/\/api.w.org\/{rel}","templated":true}]}}