{"id":382676,"date":"2026-09-03T11:31:55","date_gmt":"2026-09-03T14:31:55","guid":{"rendered":"http:\/\/www.noticiasdelparana.com.ar\/NuevaEdicion\/?p=382676"},"modified":"2026-09-03T11:32:00","modified_gmt":"2026-09-03T14:32:00","slug":"chaco-operativos-motorizados-un-rodado-con-pedido-de-secuestro-y-seis-demorados-en-quitilipi","status":"publish","type":"post","link":"http:\/\/www.noticiasdelparana.com.ar\/NuevaEdicion\/2026\/09\/03\/chaco-operativos-motorizados-un-rodado-con-pedido-de-secuestro-y-seis-demorados-en-quitilipi\/","title":{"rendered":"CHACO: Operativos Motorizados: Un Rodado Con Pedido De Secuestro Y Seis Demorados En Quitilipi"},"content":{"rendered":"\n<p>Efectivos de la Divisi\u00f3n Cuerpo de Operaciones Motorizadas (C.O.M.) de Quitilipi llevaron adelante distintos procedimientos preventivos, que culminaron con seis personas demoradas por supuestas infracciones al C\u00f3digo de Faltas y el secuestro de una motocicleta con pedido de secuestro activo.<\/p>\n\n\n\n<p>El primer procedimiento se realiz\u00f3, ayer alrededor de las 20:30, en inmediaciones de avenida San Mart\u00edn y calle Tucum\u00e1n. All\u00ed, los agentes demoraron al conductor de una motocicleta Honda Biz de 110 cilindradas, que circulaba sin luces, sin documentaci\u00f3n y sin dominio colocado.<\/p>\n\n\n\n<p>Al verificar las numeraciones del rodado, los efectivos constataron que presentaba un pedido de secuestro activo desde el 11 de noviembre de 2014, requerido por la Comisar\u00eda Primera de S\u00e1enz Pe\u00f1a en el marco de una causa por supuesto hurto. La motocicleta fue secuestrada y trasladada junto al demorado de 38 a\u00f1os a la Comisar\u00eda de Quitilipi para continuar con las actuaciones legales correspondientes.<\/p>\n\n\n\n<p>Por otra parte, cerca de las 21:50, los agentes demoraron a un hombre de 35 a\u00f1os en avenida San Mart\u00edn, entre calles Mendoza y San Juan, por una supuesta infracci\u00f3n al C\u00f3digo de Faltas provincial.<\/p>\n\n\n\n<p>Finalmente, durante esta madrugada, tras un operativo denominado \u201cServicio de Seguridad Preventiva Motorizado &#8211; LINCE\u201d, los efectivos demoraron a otras cuatro personas en inmediaciones del barrio San Cayetano, tambi\u00e9n por supuestas infracciones al C\u00f3digo de Faltas de la Provincia.<\/p>\n\n\n\n<p>Todos los demorados fueron trasladados a la Guardia de Prevenci\u00f3n de la Comisar\u00eda de Quitilipi, donde quedaron a disposici\u00f3n de las autoridades correspondientes.<\/p>\n","protected":false},"excerpt":{"rendered":"<p>03-Sep-26 Los procedimientos fueron realizados entre el mi\u00e9rcoles y jueves por efectivos del Cuerpo de Operaciones Motorizadas. Adem\u00e1s, se secuestr\u00f3 una motocicleta que era buscada desde 2014 por una causa de supuesto hurto.<\/p>\n","protected":false},"author":3,"featured_media":382677,"comment_status":"closed","ping_status":"closed","sticky":false,"template":"","format":"standard","meta":[],"categories":[103],"tags":[],"_links":{"self":[{"href":"http:\/\/www.noticiasdelparana.com.ar\/NuevaEdicion\/wp-json\/wp\/v2\/posts\/382676"}],"collection":[{"href":"http:\/\/www.noticiasdelparana.com.ar\/NuevaEdicion\/wp-json\/wp\/v2\/posts"}],"about":[{"href":"http:\/\/www.noticiasdelparana.com.ar\/NuevaEdicion\/wp-json\/wp\/v2\/types\/post"}],"author":[{"embeddable":true,"href":"http:\/\/www.noticiasdelparana.com.ar\/NuevaEdicion\/wp-json\/wp\/v2\/users\/3"}],"replies":[{"embeddable":true,"href":"http:\/\/www.noticiasdelparana.com.ar\/NuevaEdicion\/wp-json\/wp\/v2\/comments?post=382676"}],"version-history":[{"count":1,"href":"http:\/\/www.noticiasdelparana.com.ar\/NuevaEdicion\/wp-json\/wp\/v2\/posts\/382676\/revisions"}],"predecessor-version":[{"id":382678,"href":"http:\/\/www.noticiasdelparana.com.ar\/NuevaEdicion\/wp-json\/wp\/v2\/posts\/382676\/revisions\/382678"}],"wp:featuredmedia":[{"embeddable":true,"href":"http:\/\/www.noticiasdelparana.com.ar\/NuevaEdicion\/wp-json\/wp\/v2\/media\/382677"}],"wp:attachment":[{"href":"http:\/\/www.noticiasdelparana.com.ar\/NuevaEdicion\/wp-json\/wp\/v2\/media?parent=382676"}],"wp:term":[{"taxonomy":"category","embeddable":true,"href":"http:\/\/www.noticiasdelparana.com.ar\/NuevaEdicion\/wp-json\/wp\/v2\/categories?post=382676"},{"taxonomy":"post_tag","embeddable":true,"href":"http:\/\/www.noticiasdelparana.com.ar\/NuevaEdicion\/wp-json\/wp\/v2\/tags?post=382676"}],"curies":[{"name":"wp","href":"https:\/\/api.w.org\/{rel}","templated":true}]}}