{"id":382679,"date":"2026-09-03T11:33:37","date_gmt":"2026-09-03T14:33:37","guid":{"rendered":"http:\/\/www.noticiasdelparana.com.ar\/NuevaEdicion\/?p=382679"},"modified":"2026-09-03T11:33:43","modified_gmt":"2026-09-03T14:33:43","slug":"chaco-recuperan-elementos-de-un-local-y-detienen-al-autor","status":"publish","type":"post","link":"http:\/\/www.noticiasdelparana.com.ar\/NuevaEdicion\/2026\/09\/03\/chaco-recuperan-elementos-de-un-local-y-detienen-al-autor\/","title":{"rendered":"CHACO: Recuperan Elementos De Un Local Y Detienen Al Autor"},"content":{"rendered":"\n<p>Durante esta madrugada, efectivos de la Comisar\u00eda S\u00e9ptima de Resistencia detuvieron a un hombre de 41 a\u00f1os, acusado de ingresar a un local comercial tras forzar el acceso, y secuestraron elementos denunciados como sustra\u00eddos.<\/p>\n\n\n\n<p>El hecho ocurri\u00f3 alrededor de las 1:30, cuando el propietario del comercio advirti\u00f3 que un sujeto habr\u00eda violentado el acceso mediante una barreta. Tras recibir el aviso, los agentes desplegaron un operativo de b\u00fasqueda en la zona.<\/p>\n\n\n\n<p>Minutos despu\u00e9s, el personal policial logr\u00f3 demorar al sospechoso en inmediaciones de Duvivier y Seitor. Durante el procedimiento, secuestraron una m\u00e1quina de cortar cabello y una secadora, elementos que fueron reconocidos por el damnificado como los sustra\u00eddos de su local.<\/p>\n\n\n\n<p>Luego de las actuaciones de rigor y la denuncia formal del propietario, la Fiscal\u00eda en turno dispuso la aprehensi\u00f3n del demorado en una causa por \u201cSupuesto robo en grado de tentativa\u201d. En tanto, los elementos secuestrados fueron restituidos a su propietario bajo las formalidades legales correspondientes.<\/p>\n","protected":false},"excerpt":{"rendered":"<p>03-Sep-26 El procedimiento se realiz\u00f3 durante la madrugada en jurisdicci\u00f3n de la Comisar\u00eda S\u00e9ptima. El sospechoso fue localizado a pocos minutos del hecho con una m\u00e1quina de cortar cabello y una secadora.<\/p>\n","protected":false},"author":3,"featured_media":382680,"comment_status":"closed","ping_status":"closed","sticky":false,"template":"","format":"standard","meta":[],"categories":[103],"tags":[],"_links":{"self":[{"href":"http:\/\/www.noticiasdelparana.com.ar\/NuevaEdicion\/wp-json\/wp\/v2\/posts\/382679"}],"collection":[{"href":"http:\/\/www.noticiasdelparana.com.ar\/NuevaEdicion\/wp-json\/wp\/v2\/posts"}],"about":[{"href":"http:\/\/www.noticiasdelparana.com.ar\/NuevaEdicion\/wp-json\/wp\/v2\/types\/post"}],"author":[{"embeddable":true,"href":"http:\/\/www.noticiasdelparana.com.ar\/NuevaEdicion\/wp-json\/wp\/v2\/users\/3"}],"replies":[{"embeddable":true,"href":"http:\/\/www.noticiasdelparana.com.ar\/NuevaEdicion\/wp-json\/wp\/v2\/comments?post=382679"}],"version-history":[{"count":1,"href":"http:\/\/www.noticiasdelparana.com.ar\/NuevaEdicion\/wp-json\/wp\/v2\/posts\/382679\/revisions"}],"predecessor-version":[{"id":382681,"href":"http:\/\/www.noticiasdelparana.com.ar\/NuevaEdicion\/wp-json\/wp\/v2\/posts\/382679\/revisions\/382681"}],"wp:featuredmedia":[{"embeddable":true,"href":"http:\/\/www.noticiasdelparana.com.ar\/NuevaEdicion\/wp-json\/wp\/v2\/media\/382680"}],"wp:attachment":[{"href":"http:\/\/www.noticiasdelparana.com.ar\/NuevaEdicion\/wp-json\/wp\/v2\/media?parent=382679"}],"wp:term":[{"taxonomy":"category","embeddable":true,"href":"http:\/\/www.noticiasdelparana.com.ar\/NuevaEdicion\/wp-json\/wp\/v2\/categories?post=382679"},{"taxonomy":"post_tag","embeddable":true,"href":"http:\/\/www.noticiasdelparana.com.ar\/NuevaEdicion\/wp-json\/wp\/v2\/tags?post=382679"}],"curies":[{"name":"wp","href":"https:\/\/api.w.org\/{rel}","templated":true}]}}