{"id":382682,"date":"2026-09-03T11:35:19","date_gmt":"2026-09-03T14:35:19","guid":{"rendered":"http:\/\/www.noticiasdelparana.com.ar\/NuevaEdicion\/?p=382682"},"modified":"2026-09-03T11:35:26","modified_gmt":"2026-09-03T14:35:26","slug":"chaco-allanaron-un-domicilio-y-secuestraron-una-motocicleta-vinculada-a-la-investigacion-sobre-los-wileros","status":"publish","type":"post","link":"http:\/\/www.noticiasdelparana.com.ar\/NuevaEdicion\/2026\/09\/03\/chaco-allanaron-un-domicilio-y-secuestraron-una-motocicleta-vinculada-a-la-investigacion-sobre-los-wileros\/","title":{"rendered":"CHACO: Allanaron Un Domicilio Y Secuestraron Una Motocicleta Vinculada A La Investigaci\u00f3n Sobre Los \u201cWileros\u201d"},"content":{"rendered":"\n<p>La investigaci\u00f3n surgi\u00f3 a partir de concentraciones de motociclistas que realizaban maniobras peligrosas y alteraban el orden p\u00fablico durante los fines de semana.<\/p>\n\n\n\n<p>&#8230;<\/p>\n\n\n\n<p>En el marco de una investigaci\u00f3n desarrollada por el Departamento 911 de la Polic\u00eda del Chaco, este jueves 3 de septiembre se llev\u00f3 adelante un allanamiento en un domicilio del barrio 50 Viviendas de S\u00e1enz Pe\u00f1a, relacionado con actividades protagonizadas por grupos de motociclistas conocidos como \u201cWileros\u201d.<\/p>\n\n\n\n<p>La investigaci\u00f3n se inici\u00f3 a partir de distintos hechos registrados durante fines de semana, donde grupos numerosos de motociclistas realizaban concentraciones y desplazamientos efectuando maniobras peligrosas, aceleraciones bruscas y otras conductas que afectaban la seguridad vial y el orden p\u00fablico.<\/p>\n\n\n\n<p>A trav\u00e9s de tareas de inteligencia criminal, an\u00e1lisis de material f\u00edlmico, monitoreo de redes sociales, entrecruzamiento de informaci\u00f3n y trabajos de campo, los investigadores lograron individualizar a personas vinculadas con estas actividades y establecer los motoveh\u00edculos utilizados.<\/p>\n\n\n\n<p>Durante la medida judicial, diligenciada por personal del Departamento 911 con la colaboraci\u00f3n de efectivos de la Divisi\u00f3n Cuerpo de Operaciones Motorizadas (C.O.M.), Divisi\u00f3n Patrulla Preventiva y Servicio Externo, se secuestr\u00f3 una motocicleta Yamaha YZ de 250 cilindradas, considerada de inter\u00e9s para la investigaci\u00f3n.<\/p>\n\n\n\n<p>En tanto, no fue localizado un segundo motoveh\u00edculo previamente individualizado, por lo que contin\u00faan las diligencias investigativas. El procedimiento cont\u00f3 con la presencia de autoridades judiciales, quienes supervisaron el desarrollo de la medida.<\/p>\n","protected":false},"excerpt":{"rendered":"<p>03-Sep-26 La medida judicial fue realizada este jueves por personal del Departamento 911, con apoyo de distintas unidades policiales.<\/p>\n","protected":false},"author":3,"featured_media":382683,"comment_status":"closed","ping_status":"closed","sticky":false,"template":"","format":"standard","meta":[],"categories":[103],"tags":[],"_links":{"self":[{"href":"http:\/\/www.noticiasdelparana.com.ar\/NuevaEdicion\/wp-json\/wp\/v2\/posts\/382682"}],"collection":[{"href":"http:\/\/www.noticiasdelparana.com.ar\/NuevaEdicion\/wp-json\/wp\/v2\/posts"}],"about":[{"href":"http:\/\/www.noticiasdelparana.com.ar\/NuevaEdicion\/wp-json\/wp\/v2\/types\/post"}],"author":[{"embeddable":true,"href":"http:\/\/www.noticiasdelparana.com.ar\/NuevaEdicion\/wp-json\/wp\/v2\/users\/3"}],"replies":[{"embeddable":true,"href":"http:\/\/www.noticiasdelparana.com.ar\/NuevaEdicion\/wp-json\/wp\/v2\/comments?post=382682"}],"version-history":[{"count":1,"href":"http:\/\/www.noticiasdelparana.com.ar\/NuevaEdicion\/wp-json\/wp\/v2\/posts\/382682\/revisions"}],"predecessor-version":[{"id":382684,"href":"http:\/\/www.noticiasdelparana.com.ar\/NuevaEdicion\/wp-json\/wp\/v2\/posts\/382682\/revisions\/382684"}],"wp:featuredmedia":[{"embeddable":true,"href":"http:\/\/www.noticiasdelparana.com.ar\/NuevaEdicion\/wp-json\/wp\/v2\/media\/382683"}],"wp:attachment":[{"href":"http:\/\/www.noticiasdelparana.com.ar\/NuevaEdicion\/wp-json\/wp\/v2\/media?parent=382682"}],"wp:term":[{"taxonomy":"category","embeddable":true,"href":"http:\/\/www.noticiasdelparana.com.ar\/NuevaEdicion\/wp-json\/wp\/v2\/categories?post=382682"},{"taxonomy":"post_tag","embeddable":true,"href":"http:\/\/www.noticiasdelparana.com.ar\/NuevaEdicion\/wp-json\/wp\/v2\/tags?post=382682"}],"curies":[{"name":"wp","href":"https:\/\/api.w.org\/{rel}","templated":true}]}}