{"id":382688,"date":"2026-09-03T12:58:03","date_gmt":"2026-09-03T15:58:03","guid":{"rendered":"http:\/\/www.noticiasdelparana.com.ar\/NuevaEdicion\/?p=382688"},"modified":"2026-09-03T12:58:09","modified_gmt":"2026-09-03T15:58:09","slug":"chaco-aprender-para-trabajar-soy-chaco-abre-nuevos-cursos-en-reparacion-de-computadoras","status":"publish","type":"post","link":"http:\/\/www.noticiasdelparana.com.ar\/NuevaEdicion\/2026\/09\/03\/chaco-aprender-para-trabajar-soy-chaco-abre-nuevos-cursos-en-reparacion-de-computadoras\/","title":{"rendered":"CHACO: Aprender Para Trabajar: Soy Chaco Abre Nuevos Cursos En Reparaci\u00f3n De Computadoras"},"content":{"rendered":"\n<p>La Fundaci\u00f3n Soy Chaco anunci\u00f3 la apertura de dos nuevas formaciones del Curso de Reparaci\u00f3n de Equipos Inform\u00e1ticos.<\/p>\n\n\n\n<p>La iniciativa est\u00e1 destinada a mayores de 18 a\u00f1os con secundario completo que busquen incorporar conocimientos y herramientas pr\u00e1cticas para desempe\u00f1arse en la reparaci\u00f3n y mantenimiento general de computadoras de escritorio y notebooks, fortaleciendo sus posibilidades de inserci\u00f3n laboral y generaci\u00f3n de ingresos. La propuesta tendr\u00e1 una duraci\u00f3n de tres meses, con un total de 12 clases, y contempla cupos limitados para garantizar el desarrollo adecuado de las actividades pr\u00e1cticas.<\/p>\n\n\n\n<p>COLONIA POPULAR: INSCRIPCIONES ABIERTAS<\/p>\n\n\n\n<p>En Colonia Popular, las inscripciones estar\u00e1n abiertas desde este jueves 3 de septiembre, a las 8 hasta el s\u00e1bado 5 de septiembre a las 8, a trav\u00e9s del formulario de Google disponible en la bio e historias de las redes sociales de la Fundaci\u00f3n Soy Chaco.<\/p>\n\n\n\n<p>La convocatoria est\u00e1 dirigida a residentes de Colonia Popular, Laguna Blanca, Makall\u00e9 y Puerto Tirol. Las clases comenzar\u00e1n el s\u00e1bado 12 de septiembre, de 9 a 11, con un cupo m\u00e1ximo de 50 participantes.<\/p>\n\n\n\n<p>RESISTENCIA: NUEVA FORMACI\u00d3N<\/p>\n\n\n\n<p>En Resistencia, las clases comenzar\u00e1n el martes 8 de septiembre. En esta sede tendr\u00e1n prioridad las personas que se inscribieron previamente y quedaron fuera de las formaciones correspondientes al primer cuatrimestre.<\/p>\n\n\n\n<p>La capacitaci\u00f3n tendr\u00e1 una duraci\u00f3n de tres meses y contar\u00e1 con 12 clases, con un cupo de 40 asistentes. El lugar donde se desarrollar\u00e1n las clases ser\u00e1 comunicado pr\u00f3ximamente.<\/p>\n\n\n\n<p>FORMACI\u00d3N CON SALIDA LABORAL<\/p>\n\n\n\n<p>Desde la Fundaci\u00f3n Soy Chaco destacaron que el programa #SoyChacoTrabajo busca acercar capacitaciones vinculadas con conocimientos concretos y herramientas que puedan convertirse en oportunidades laborales.<\/p>\n\n\n\n<p>El Curso de Reparaci\u00f3n de Equipos Inform\u00e1ticos apunta a brindar conocimientos t\u00e9cnicos aplicables a tareas de diagn\u00f3stico, reparaci\u00f3n y mantenimiento de computadoras de escritorio y port\u00e1tiles, ofreciendo a los participantes una formaci\u00f3n orientada a prestar servicios de manera independiente o ampliar sus oportunidades de empleo.<\/p>\n\n\n\n<p>REQUISITOS Y CONTACTO<\/p>\n\n\n\n<p>Para participar se requiere:<\/p>\n\n\n\n<p>* Ser mayor de 18 a\u00f1os.<\/p>\n\n\n\n<p>* Contar con secundario completo.<\/p>\n\n\n\n<p>Para consultas, los interesados pueden comunicarse al 3625 180304. Los cupos son limitados y la inscripci\u00f3n estar\u00e1 sujeta a las condiciones establecidas para cada sede.<\/p>\n\n\n\n<p>Al finalizar el cursado se entregar\u00e1 certificaci\u00f3n avalada por el Ministerio de Educaci\u00f3n, Cultura, Ciencia y Tecnolog\u00eda de la provincia del Chaco, correspondiente a la Disposici\u00f3n N\u00ba 0012\/2026.&nbsp;<\/p>\n\n\n\n<p>Este mismo curso se ha empezado a dictar en el a\u00f1o 2025 en las localidades de Resistencia, Fontana, General San Mart\u00edn y Pampa Almir\u00f3n, lo cual ha resultado en m\u00e1s de 150 alumnos quienes ya se han capacitado y obtenido su certificado.<\/p>\n","protected":false},"excerpt":{"rendered":"<p>03-Sept-26 Ser\u00e1 en Resistencia y en Colonia Popular. La capacitaci\u00f3n forma parte del Programa Soy Chaco Trabajo, tendr\u00e1 una duraci\u00f3n de 3 meses y brindar\u00e1 herramientas pr\u00e1cticas para desarrollar servicios de reparaci\u00f3n y mantenimiento de computadoras.<\/p>\n","protected":false},"author":4,"featured_media":382690,"comment_status":"closed","ping_status":"closed","sticky":false,"template":"","format":"standard","meta":[],"categories":[98],"tags":[],"_links":{"self":[{"href":"http:\/\/www.noticiasdelparana.com.ar\/NuevaEdicion\/wp-json\/wp\/v2\/posts\/382688"}],"collection":[{"href":"http:\/\/www.noticiasdelparana.com.ar\/NuevaEdicion\/wp-json\/wp\/v2\/posts"}],"about":[{"href":"http:\/\/www.noticiasdelparana.com.ar\/NuevaEdicion\/wp-json\/wp\/v2\/types\/post"}],"author":[{"embeddable":true,"href":"http:\/\/www.noticiasdelparana.com.ar\/NuevaEdicion\/wp-json\/wp\/v2\/users\/4"}],"replies":[{"embeddable":true,"href":"http:\/\/www.noticiasdelparana.com.ar\/NuevaEdicion\/wp-json\/wp\/v2\/comments?post=382688"}],"version-history":[{"count":1,"href":"http:\/\/www.noticiasdelparana.com.ar\/NuevaEdicion\/wp-json\/wp\/v2\/posts\/382688\/revisions"}],"predecessor-version":[{"id":382691,"href":"http:\/\/www.noticiasdelparana.com.ar\/NuevaEdicion\/wp-json\/wp\/v2\/posts\/382688\/revisions\/382691"}],"wp:featuredmedia":[{"embeddable":true,"href":"http:\/\/www.noticiasdelparana.com.ar\/NuevaEdicion\/wp-json\/wp\/v2\/media\/382690"}],"wp:attachment":[{"href":"http:\/\/www.noticiasdelparana.com.ar\/NuevaEdicion\/wp-json\/wp\/v2\/media?parent=382688"}],"wp:term":[{"taxonomy":"category","embeddable":true,"href":"http:\/\/www.noticiasdelparana.com.ar\/NuevaEdicion\/wp-json\/wp\/v2\/categories?post=382688"},{"taxonomy":"post_tag","embeddable":true,"href":"http:\/\/www.noticiasdelparana.com.ar\/NuevaEdicion\/wp-json\/wp\/v2\/tags?post=382688"}],"curies":[{"name":"wp","href":"https:\/\/api.w.org\/{rel}","templated":true}]}}