{"id":382692,"date":"2026-09-03T12:58:59","date_gmt":"2026-09-03T15:58:59","guid":{"rendered":"http:\/\/www.noticiasdelparana.com.ar\/NuevaEdicion\/?p=382692"},"modified":"2026-09-03T12:59:02","modified_gmt":"2026-09-03T15:59:02","slug":"chaco-torneo-de-pesca-del-dorado-sameep-fortalece-el-servicio-de-agua-potable-en-la-isla-del-cerrito","status":"publish","type":"post","link":"http:\/\/www.noticiasdelparana.com.ar\/NuevaEdicion\/2026\/09\/03\/chaco-torneo-de-pesca-del-dorado-sameep-fortalece-el-servicio-de-agua-potable-en-la-isla-del-cerrito\/","title":{"rendered":"CHACO: Torneo De Pesca Del Dorado; Sameep Fortalece El Servicio De Agua Potable En La Isla Del Cerrito"},"content":{"rendered":"\n<p>Con el objetivo de garantizar una adecuada prestaci\u00f3n del servicio durante la pr\u00f3xima edici\u00f3n del Torneo Internacional de Pesca del Dorado con Devoluci\u00f3n, Sameep lleva adelante importantes trabajos de mantenimiento y optimizaci\u00f3n del sistema de agua potable en Isla del Cerrito.<\/p>\n\n\n\n<p>La competencia convoca cada a\u00f1o a una importante cantidad de pescadores, familias y visitantes, generando un movimiento significativo en la localidad y una mayor utilizaci\u00f3n de los servicios esenciales.<\/p>\n\n\n\n<p>El vocal de Sameep, Rub\u00e9n Custiniano, destac\u00f3 la importancia de anticiparse a las necesidades que generan este tipo de acontecimientos. \u201cEstamos realizando trabajos y mejoras de manera preventiva para fortalecer el sistema y acompa\u00f1ar el importante movimiento de vecinos y visitantes que tendr\u00e1 Isla del Cerrito durante la Pesca del Dorado\u201d, expres\u00f3.<\/p>\n\n\n\n<p>Asimismo, remarc\u00f3 que \u201cla incorporaci\u00f3n de una nueva bomba y la limpieza del tanque permitir\u00e1n optimizar el funcionamiento del sistema y redundar\u00e1n en una mejor calidad del servicio para toda la comunidad\u201d.<\/p>\n\n\n\n<p>TRABAJOS PLANIFICADOS PARA GARANTIZAR LA PRESTACI\u00d3N<\/p>\n\n\n\n<p>Por su parte, el coordinador de Zona I de Sameep, Jonathan Roa, explic\u00f3 que las intervenciones forman parte de una planificaci\u00f3n previa para garantizar que las instalaciones se encuentren en condiciones \u00f3ptimas durante el desarrollo del torneo. \u201cLos equipos de la empresa trabajan de manera planificada para dejar en \u00f3ptimas condiciones las instalaciones y garantizar una adecuada respuesta ante el incremento de la demanda\u201d, se\u00f1al\u00f3.<\/p>\n\n\n\n<p>En la misma l\u00ednea, Roa sostuvo que \u201cestas tareas forman parte del mantenimiento permanente que llevamos adelante en cada localidad, priorizando la optimizaci\u00f3n de la infraestructura y la mejora continua del servicio para los usuarios\u201d.<\/p>\n\n\n\n<p>Desde Sameep remarcaron que el mantenimiento preventivo permite anticipar posibles inconvenientes y fortalecer la capacidad operativa de los sistemas de abastecimiento.<\/p>\n\n\n\n<p>En este marco, la empresa contin\u00faa desarrollando tareas de planificaci\u00f3n, mantenimiento y optimizaci\u00f3n de infraestructura en distintos puntos de la provincia, con el objetivo de garantizar una prestaci\u00f3n m\u00e1s eficiente y acompa\u00f1ar las necesidades de cada comunidad.<\/p>\n","protected":false},"excerpt":{"rendered":"<p>03-Sept-26 La empresa estatal instal\u00f3 una nueva bomba y realiz\u00f3 tareas de limpieza del tanque de almacenamiento para optimizar el sistema ante el incremento de la demanda previsto durante el evento.<\/p>\n","protected":false},"author":4,"featured_media":382689,"comment_status":"closed","ping_status":"closed","sticky":false,"template":"","format":"standard","meta":[],"categories":[98],"tags":[],"_links":{"self":[{"href":"http:\/\/www.noticiasdelparana.com.ar\/NuevaEdicion\/wp-json\/wp\/v2\/posts\/382692"}],"collection":[{"href":"http:\/\/www.noticiasdelparana.com.ar\/NuevaEdicion\/wp-json\/wp\/v2\/posts"}],"about":[{"href":"http:\/\/www.noticiasdelparana.com.ar\/NuevaEdicion\/wp-json\/wp\/v2\/types\/post"}],"author":[{"embeddable":true,"href":"http:\/\/www.noticiasdelparana.com.ar\/NuevaEdicion\/wp-json\/wp\/v2\/users\/4"}],"replies":[{"embeddable":true,"href":"http:\/\/www.noticiasdelparana.com.ar\/NuevaEdicion\/wp-json\/wp\/v2\/comments?post=382692"}],"version-history":[{"count":1,"href":"http:\/\/www.noticiasdelparana.com.ar\/NuevaEdicion\/wp-json\/wp\/v2\/posts\/382692\/revisions"}],"predecessor-version":[{"id":382693,"href":"http:\/\/www.noticiasdelparana.com.ar\/NuevaEdicion\/wp-json\/wp\/v2\/posts\/382692\/revisions\/382693"}],"wp:featuredmedia":[{"embeddable":true,"href":"http:\/\/www.noticiasdelparana.com.ar\/NuevaEdicion\/wp-json\/wp\/v2\/media\/382689"}],"wp:attachment":[{"href":"http:\/\/www.noticiasdelparana.com.ar\/NuevaEdicion\/wp-json\/wp\/v2\/media?parent=382692"}],"wp:term":[{"taxonomy":"category","embeddable":true,"href":"http:\/\/www.noticiasdelparana.com.ar\/NuevaEdicion\/wp-json\/wp\/v2\/categories?post=382692"},{"taxonomy":"post_tag","embeddable":true,"href":"http:\/\/www.noticiasdelparana.com.ar\/NuevaEdicion\/wp-json\/wp\/v2\/tags?post=382692"}],"curies":[{"name":"wp","href":"https:\/\/api.w.org\/{rel}","templated":true}]}}