{"id":382694,"date":"2026-09-03T13:01:06","date_gmt":"2026-09-03T16:01:06","guid":{"rendered":"http:\/\/www.noticiasdelparana.com.ar\/NuevaEdicion\/?p=382694"},"modified":"2026-09-03T13:01:19","modified_gmt":"2026-09-03T16:01:19","slug":"chaco-detectaron-una-moto-con-pedido-de-secuestro-y-la-entregaron-a-su-propietaria","status":"publish","type":"post","link":"http:\/\/www.noticiasdelparana.com.ar\/NuevaEdicion\/2026\/09\/03\/chaco-detectaron-una-moto-con-pedido-de-secuestro-y-la-entregaron-a-su-propietaria\/","title":{"rendered":"CHACO: Detectaron Una Moto Con Pedido De Secuestro Y La Entregaron A Su Propietaria"},"content":{"rendered":"\n<p>Personal de la Comisar\u00eda Segunda de S\u00e1enz Pe\u00f1a logr\u00f3 esclarecer un supuesto hurto luego de detectar que una motocicleta secuestrada en el Corral\u00f3n Municipal present\u00f3 un pedido de secuestro activo.<\/p>\n\n\n\n<p>El procedimiento se inicia cuando efectivos de Infanter\u00eda informa sobre la existencia de una motocicleta retenida en dependencias municipales. A trav\u00e9s de la Plataforma Digital PMU, los agentes constataron que el rodado ten\u00eda un pedido de secuestro vigente, relacionado con una causa por supuesto hurto iniciada en marzo de 2017.<\/p>\n\n\n\n<p>Tras las verificaciones correspondientes, el personal policial gestion\u00f3 el traslado de la motocicleta hacia la dependencia policial y realiz\u00f3 las consultas en los registros, confirmando que se trataba de un Guerrero Trip de 110 cilindradas, de inter\u00e9s para la causa.<\/p>\n\n\n\n<p>Posteriormente, los investigadores lograron establecer contacto con la damnificada, quien acredit\u00f3 la propiedad del rodado. Por disposici\u00f3n de la Fiscal\u00eda interviniente, la motocicleta fue entregada formalmente a su propietaria, quien manifest\u00f3 su conformidad. Las actuaciones contin\u00faan a fin de completar las diligencias correspondientes.<\/p>\n","protected":false},"excerpt":{"rendered":"<p>03-Sep-26 El rodado hab\u00eda sido secuestrado por el Municipio y, al ser verificado por la Polic\u00eda, se constat\u00f3 que era buscado desde 2017 en una causa por supuesto hurto.<\/p>\n","protected":false},"author":3,"featured_media":382695,"comment_status":"closed","ping_status":"closed","sticky":false,"template":"","format":"standard","meta":[],"categories":[103],"tags":[],"_links":{"self":[{"href":"http:\/\/www.noticiasdelparana.com.ar\/NuevaEdicion\/wp-json\/wp\/v2\/posts\/382694"}],"collection":[{"href":"http:\/\/www.noticiasdelparana.com.ar\/NuevaEdicion\/wp-json\/wp\/v2\/posts"}],"about":[{"href":"http:\/\/www.noticiasdelparana.com.ar\/NuevaEdicion\/wp-json\/wp\/v2\/types\/post"}],"author":[{"embeddable":true,"href":"http:\/\/www.noticiasdelparana.com.ar\/NuevaEdicion\/wp-json\/wp\/v2\/users\/3"}],"replies":[{"embeddable":true,"href":"http:\/\/www.noticiasdelparana.com.ar\/NuevaEdicion\/wp-json\/wp\/v2\/comments?post=382694"}],"version-history":[{"count":1,"href":"http:\/\/www.noticiasdelparana.com.ar\/NuevaEdicion\/wp-json\/wp\/v2\/posts\/382694\/revisions"}],"predecessor-version":[{"id":382696,"href":"http:\/\/www.noticiasdelparana.com.ar\/NuevaEdicion\/wp-json\/wp\/v2\/posts\/382694\/revisions\/382696"}],"wp:featuredmedia":[{"embeddable":true,"href":"http:\/\/www.noticiasdelparana.com.ar\/NuevaEdicion\/wp-json\/wp\/v2\/media\/382695"}],"wp:attachment":[{"href":"http:\/\/www.noticiasdelparana.com.ar\/NuevaEdicion\/wp-json\/wp\/v2\/media?parent=382694"}],"wp:term":[{"taxonomy":"category","embeddable":true,"href":"http:\/\/www.noticiasdelparana.com.ar\/NuevaEdicion\/wp-json\/wp\/v2\/categories?post=382694"},{"taxonomy":"post_tag","embeddable":true,"href":"http:\/\/www.noticiasdelparana.com.ar\/NuevaEdicion\/wp-json\/wp\/v2\/tags?post=382694"}],"curies":[{"name":"wp","href":"https:\/\/api.w.org\/{rel}","templated":true}]}}