{"id":382697,"date":"2026-09-03T13:05:13","date_gmt":"2026-09-03T16:05:13","guid":{"rendered":"http:\/\/www.noticiasdelparana.com.ar\/NuevaEdicion\/?p=382697"},"modified":"2026-09-03T13:05:17","modified_gmt":"2026-09-03T16:05:17","slug":"chaco-patio-chamamecero-en-el-cecual-musica-encuentro-y-solidaridad","status":"publish","type":"post","link":"http:\/\/www.noticiasdelparana.com.ar\/NuevaEdicion\/2026\/09\/03\/chaco-patio-chamamecero-en-el-cecual-musica-encuentro-y-solidaridad\/","title":{"rendered":"CHACO: Patio Chamamecero En El Cecual: M\u00fasica, Encuentro Y Solidaridad"},"content":{"rendered":"\n<p>La propuesta contar\u00e1 con la participaci\u00f3n de Zuni Aguirre y el elenco de Difusi\u00f3n Masiva del Chamam\u00e9, integrado por Julio Romero (guitarra y voz), Tito Luque (bandone\u00f3n) y Leo Rodr\u00edguez (guitarra, voz y direcci\u00f3n).<\/p>\n\n\n\n<p>Con entrada solidaria, el Patio Chamamecero vuelve a reunir cultura popular y participaci\u00f3n comunitaria en una velada pensada para disfrutar, bailar y celebrar una m\u00fasica profundamente ligada a la identidad de la regi\u00f3n.<\/p>\n\n\n\n<p>&nbsp;Difusi\u00f3n Masiva del Chamam\u00e9<\/p>\n\n\n\n<p>Difusi\u00f3n Masiva del Chamam\u00e9 es un proyecto cultural enmarcado en la Ley Provincial de Mecenazgo N.\u00ba 1353-E, herramienta destinada a promover la participaci\u00f3n de empresas y particulares en el sostenimiento de iniciativas culturales.<\/p>\n\n\n\n<p>La propuesta articula distintas acciones orientadas a la difusi\u00f3n y transmisi\u00f3n de la m\u00fasica del litoral. Entre ellas se encuentra un programa radial que se emite todos los domingos, de 10 a 12, por Radio Natagal\u00e1.<\/p>\n\n\n\n<p>A esto se suma una tarea de formaci\u00f3n y divulgaci\u00f3n en escuelas del Gran Resistencia y localidades vecinas, donde m\u00fasicos y bailarines acercan de manera did\u00e1ctica el chamam\u00e9, su m\u00fasica y su danza a ni\u00f1as, ni\u00f1os y j\u00f3venes.<\/p>\n\n\n\n<p>Esta dimensi\u00f3n educativa busca despertar en las nuevas generaciones el inter\u00e9s y el conocimiento por la cultura popular del litoral, bajo una premisa que resume el esp\u00edritu del proyecto: \u201cNo se puede amar lo que no se conoce\u201d.<\/p>\n\n\n\n<p>&nbsp;Un cl\u00e1sico de la casa cecualera<\/p>\n\n\n\n<p>A trav\u00e9s del Patio Chamamecero, el Cecual sostiene un espacio que ya forma parte de su identidad: un encuentro cercano y participativo donde el chamam\u00e9 deja de ser solamente m\u00fasica para convertirse tambi\u00e9n en memoria compartida.<\/p>\n\n\n\n<p>Este viernes, el patio vuelve a abrirse para encontrarse alrededor de esa tradici\u00f3n viva que se fortalece de generaci\u00f3n en generaci\u00f3n.<\/p>\n","protected":false},"excerpt":{"rendered":"<p>03-Sept-26 Este viernes 4 de septiembre, a las 21.30, se realizar\u00e1 una nueva edici\u00f3n del Patio Chamamecero en el Centro Cultural Alternativo (Santa Mar\u00eda de Oro 471), un cl\u00e1sico de la casa cecualera que invita a compartir m\u00fasica, baile y encuentro alrededor de uno de los g\u00e9neros m\u00e1s representativos del litoral. La entrada ser\u00e1 un art\u00edculo de limpieza.<\/p>\n","protected":false},"author":4,"featured_media":382700,"comment_status":"closed","ping_status":"closed","sticky":false,"template":"","format":"standard","meta":[],"categories":[105],"tags":[],"_links":{"self":[{"href":"http:\/\/www.noticiasdelparana.com.ar\/NuevaEdicion\/wp-json\/wp\/v2\/posts\/382697"}],"collection":[{"href":"http:\/\/www.noticiasdelparana.com.ar\/NuevaEdicion\/wp-json\/wp\/v2\/posts"}],"about":[{"href":"http:\/\/www.noticiasdelparana.com.ar\/NuevaEdicion\/wp-json\/wp\/v2\/types\/post"}],"author":[{"embeddable":true,"href":"http:\/\/www.noticiasdelparana.com.ar\/NuevaEdicion\/wp-json\/wp\/v2\/users\/4"}],"replies":[{"embeddable":true,"href":"http:\/\/www.noticiasdelparana.com.ar\/NuevaEdicion\/wp-json\/wp\/v2\/comments?post=382697"}],"version-history":[{"count":1,"href":"http:\/\/www.noticiasdelparana.com.ar\/NuevaEdicion\/wp-json\/wp\/v2\/posts\/382697\/revisions"}],"predecessor-version":[{"id":382702,"href":"http:\/\/www.noticiasdelparana.com.ar\/NuevaEdicion\/wp-json\/wp\/v2\/posts\/382697\/revisions\/382702"}],"wp:featuredmedia":[{"embeddable":true,"href":"http:\/\/www.noticiasdelparana.com.ar\/NuevaEdicion\/wp-json\/wp\/v2\/media\/382700"}],"wp:attachment":[{"href":"http:\/\/www.noticiasdelparana.com.ar\/NuevaEdicion\/wp-json\/wp\/v2\/media?parent=382697"}],"wp:term":[{"taxonomy":"category","embeddable":true,"href":"http:\/\/www.noticiasdelparana.com.ar\/NuevaEdicion\/wp-json\/wp\/v2\/categories?post=382697"},{"taxonomy":"post_tag","embeddable":true,"href":"http:\/\/www.noticiasdelparana.com.ar\/NuevaEdicion\/wp-json\/wp\/v2\/tags?post=382697"}],"curies":[{"name":"wp","href":"https:\/\/api.w.org\/{rel}","templated":true}]}}