{"id":382703,"date":"2026-09-03T13:06:13","date_gmt":"2026-09-03T16:06:13","guid":{"rendered":"http:\/\/www.noticiasdelparana.com.ar\/NuevaEdicion\/?p=382703"},"modified":"2026-09-03T13:06:17","modified_gmt":"2026-09-03T16:06:17","slug":"chaco-los-talleres-de-la-usina-cultural-se-encuentran-abiertos-para-sumarse-en-el-segundo-cuatrimestre","status":"publish","type":"post","link":"http:\/\/www.noticiasdelparana.com.ar\/NuevaEdicion\/2026\/09\/03\/chaco-los-talleres-de-la-usina-cultural-se-encuentran-abiertos-para-sumarse-en-el-segundo-cuatrimestre\/","title":{"rendered":"CHACO: Los Talleres De La Usina Cultural Se Encuentran Abiertos Para Sumarse En El Segundo Cuatrimestre"},"content":{"rendered":"\n<p>&nbsp;Las y los interesados en incorporarse a alguna de las ofertas del espacio dependiente del Instituto de Cultura del Chaco pueden acercarse al centro cultural o consultar por m\u00e1s informaci\u00f3n en las redes sociales (Usina Cultural (en Facebook) y @usinacultural.rcia (en Instagram).&nbsp; &nbsp;<\/p>\n\n\n\n<p>Las iniciativas abarcan desde la actividad f\u00edsica a la expresi\u00f3n art\u00edstica. \u201cTenemos actividades para fortalecer la salud, aprender, crear y compartir, pensadas para todas las edades e intereses. Son bienvenidos los que quieran unirse para terminar el a\u00f1o conociendo, aprendiendo o especializ\u00e1ndose con alguna de las propuestas\u201d, expres\u00f3 el coordinador de la Usina Cultural, Santiago Duarte.<\/p>\n\n\n\n<p>La grilla semanal est\u00e1 compuesta de la siguiente manera:<\/p>\n\n\n\n<p>Lunes<\/p>\n\n\n\n<p>09 Hs. &#8211; Gimnasia para adultos mayores (Instituto del Deporte)<\/p>\n\n\n\n<p>18 Hs. &#8211; Folklore<\/p>\n\n\n\n<p>19 Hs. &#8211; Tango<\/p>\n\n\n\n<p>&nbsp;&nbsp;&nbsp;&nbsp;&nbsp;&nbsp;&nbsp;&nbsp;&nbsp;&nbsp;&nbsp;&nbsp;&nbsp; Patinaje<\/p>\n\n\n\n<p>20 Hs. &#8211; Zumba<\/p>\n\n\n\n<p>Martes<\/p>\n\n\n\n<p>09 Hs. &#8211; Programa Cardio (Instituto del Deporte)<\/p>\n\n\n\n<p>09 Hs. &#8211; Guitarra<\/p>\n\n\n\n<p>16 Hs. &#8211; Tango<\/p>\n\n\n\n<p>18 Hs. &#8211; Ritmos Latinos<\/p>\n\n\n\n<p>19 Hs. &#8211; Acorde\u00f3n<\/p>\n\n\n\n<p>20 Hs. &#8211; Folklore<\/p>\n\n\n\n<p>Mi\u00e9rcoles<\/p>\n\n\n\n<p>09 Hs. &#8211; Gimnasia para adultos mayores (Instituto del Deporte)<\/p>\n\n\n\n<p>15 Hs. &#8211; Acorde\u00f3n<\/p>\n\n\n\n<p>16.30 Hs. &#8211; Danza checoslovaca<\/p>\n\n\n\n<p>18 Hs. &#8211; Folklore<\/p>\n\n\n\n<p>19 Hs. &#8211; Patinaje<\/p>\n\n\n\n<p>&nbsp;&nbsp;&nbsp;&nbsp;&nbsp;&nbsp;&nbsp;&nbsp;&nbsp;&nbsp;&nbsp;&nbsp;&nbsp; Teatro Adolescentes<\/p>\n\n\n\n<p>20 Hs. &#8211; Zumba<\/p>\n\n\n\n<p>Jueves<\/p>\n\n\n\n<p>09 Hs. &#8211; Programa Cardio (Instituto del Deporte)<\/p>\n\n\n\n<p>&nbsp;&nbsp;&nbsp;&nbsp;&nbsp;&nbsp;&nbsp;&nbsp;&nbsp;&nbsp;&nbsp;&nbsp;&nbsp; Acorde\u00f3n<\/p>\n\n\n\n<p>16 Hs. &#8211; Tango<\/p>\n\n\n\n<p>18 Hs. &#8211; Ritmos Latinos<\/p>\n\n\n\n<p>&nbsp;&nbsp;&nbsp;&nbsp;&nbsp;&nbsp;&nbsp;&nbsp;&nbsp;&nbsp;&nbsp;&nbsp;&nbsp; Guitarra y canto<\/p>\n\n\n\n<p>20 Hs. &#8211; Folklore<\/p>\n\n\n\n<p>Viernes<\/p>\n\n\n\n<p>09 Hs. &#8211; Gimnasia para adultos mayores (Instituto del Deporte)<\/p>\n\n\n\n<p>15 Hs. &#8211; Zumba<\/p>\n\n\n\n<p>16 Hs. &#8211; Artes Visuales<\/p>\n\n\n\n<p>&nbsp;&nbsp;&nbsp;&nbsp;&nbsp;&nbsp;&nbsp;&nbsp;&nbsp;&nbsp;&nbsp;&nbsp;&nbsp; Tango<\/p>\n\n\n\n<p>19 Hs. &#8211; Teatro adolescentes<\/p>\n\n\n\n<p>S\u00e1bado<\/p>\n\n\n\n<p>14 Hs. &#8211; Bater\u00eda y percusi\u00f3n<\/p>\n","protected":false},"excerpt":{"rendered":"<p>03-Sept-26 Los talleres para ni\u00f1os, j\u00f3venes y adultos de la Usina Cultural (Cervantes 1640, esquina avenida Chaco) contin\u00faan desarroll\u00e1ndose en esta segunda mitad del a\u00f1o, y recibiendo a quienes quieran sumarse a las propuestas.<\/p>\n","protected":false},"author":4,"featured_media":382701,"comment_status":"closed","ping_status":"closed","sticky":false,"template":"","format":"standard","meta":[],"categories":[105],"tags":[],"_links":{"self":[{"href":"http:\/\/www.noticiasdelparana.com.ar\/NuevaEdicion\/wp-json\/wp\/v2\/posts\/382703"}],"collection":[{"href":"http:\/\/www.noticiasdelparana.com.ar\/NuevaEdicion\/wp-json\/wp\/v2\/posts"}],"about":[{"href":"http:\/\/www.noticiasdelparana.com.ar\/NuevaEdicion\/wp-json\/wp\/v2\/types\/post"}],"author":[{"embeddable":true,"href":"http:\/\/www.noticiasdelparana.com.ar\/NuevaEdicion\/wp-json\/wp\/v2\/users\/4"}],"replies":[{"embeddable":true,"href":"http:\/\/www.noticiasdelparana.com.ar\/NuevaEdicion\/wp-json\/wp\/v2\/comments?post=382703"}],"version-history":[{"count":1,"href":"http:\/\/www.noticiasdelparana.com.ar\/NuevaEdicion\/wp-json\/wp\/v2\/posts\/382703\/revisions"}],"predecessor-version":[{"id":382704,"href":"http:\/\/www.noticiasdelparana.com.ar\/NuevaEdicion\/wp-json\/wp\/v2\/posts\/382703\/revisions\/382704"}],"wp:featuredmedia":[{"embeddable":true,"href":"http:\/\/www.noticiasdelparana.com.ar\/NuevaEdicion\/wp-json\/wp\/v2\/media\/382701"}],"wp:attachment":[{"href":"http:\/\/www.noticiasdelparana.com.ar\/NuevaEdicion\/wp-json\/wp\/v2\/media?parent=382703"}],"wp:term":[{"taxonomy":"category","embeddable":true,"href":"http:\/\/www.noticiasdelparana.com.ar\/NuevaEdicion\/wp-json\/wp\/v2\/categories?post=382703"},{"taxonomy":"post_tag","embeddable":true,"href":"http:\/\/www.noticiasdelparana.com.ar\/NuevaEdicion\/wp-json\/wp\/v2\/tags?post=382703"}],"curies":[{"name":"wp","href":"https:\/\/api.w.org\/{rel}","templated":true}]}}