{"id":382705,"date":"2026-09-03T13:07:08","date_gmt":"2026-09-03T16:07:08","guid":{"rendered":"http:\/\/www.noticiasdelparana.com.ar\/NuevaEdicion\/?p=382705"},"modified":"2026-09-03T13:07:17","modified_gmt":"2026-09-03T16:07:17","slug":"chaco-la-fil-2026-convoca-a-escritoras-y-escritores","status":"publish","type":"post","link":"http:\/\/www.noticiasdelparana.com.ar\/NuevaEdicion\/2026\/09\/03\/chaco-la-fil-2026-convoca-a-escritoras-y-escritores\/","title":{"rendered":"CHACO: La FIL 2026 Convoca A Escritoras Y Escritores"},"content":{"rendered":"\n<p>La propuesta est\u00e1 dirigida a autoras y autores de todos los g\u00e9neros literarios que hayan publicado obras durante 2025 y 2026, quienes podr\u00e1n postular sus trabajos para integrar la programaci\u00f3n de la feria. El plazo de inscripci\u00f3n permanecer\u00e1 abierto hasta el viernes 11 de septiembre.<\/p>\n\n\n\n<p>Este a\u00f1o, la FIL Chaco se realizar\u00e1 del 1\u00b0 al 11 de octubre en Resistencia y, desde la organizaci\u00f3n, adelantaron que la programaci\u00f3n contar\u00e1 con la participaci\u00f3n de destacadas escritoras y escritores de reconocimiento nacional, adem\u00e1s de autores, editoriales y referentes de la producci\u00f3n literaria provincial y regional.<\/p>\n\n\n\n<p>Con casi 20 a\u00f1os de trayectoria, la Feria del Libro del Chaco se consolid\u00f3 como un acontecimiento cultural, social y comunitario que re\u00fane a lectores, escritores, editoriales, librer\u00edas, instituciones y distintos actores vinculados al universo del libro y la producci\u00f3n cultural.<\/p>\n\n\n\n<p>De acceso libre y gratuito, la FIL Chaco tiene entre sus principales objetivos promover la lectura, difundir la producci\u00f3n literaria y fortalecer la identidad cultural de la provincia, poniendo en valor la diversidad de voces, relatos y expresiones que forman parte de la comunidad chaque\u00f1a.<\/p>\n\n\n\n<p>Asimismo, el encuentro busca fortalecer la industria del libro en toda su cadena de valor, involucrando a autores, correctores, dise\u00f1adores, editoriales, librer\u00edas y distribuidores, adem\u00e1s de generar espacios de participaci\u00f3n para otros sectores de la producci\u00f3n cultural.<\/p>\n\n\n\n<p>La convocatoria constituye, en ese marco, una oportunidad para que nuevas publicaciones y voces de la literatura puedan encontrarse con sus lectores y formar parte de uno de los principales espacios de circulaci\u00f3n y visibilizaci\u00f3n del libro en el Chaco.<\/p>\n\n\n\n<p>Las personas interesadas podr\u00e1n completar el formulario de inscripci\u00f3n hasta el 11 de septiembre en el siguiente enlace:<\/p>\n\n\n\n<figure class=\"wp-block-embed\"><div class=\"wp-block-embed__wrapper\">\nhttps:\/\/docs.google.com\/forms\/d\/e\/1FAIpQLSczv4sdeRtN5sC-dD6ztSwSnSfjlPTnsSnZ2fmf6FUpxo472w\/viewform\n<\/div><\/figure>\n","protected":false},"excerpt":{"rendered":"<p>03-Sept-26 La Feria Iberoamericana del Libro del Chaco (FIL Chaco) 2026 abri\u00f3 la convocatoria destinada a escritoras y escritores interesados en participar de una nueva edici\u00f3n del encuentro literario m\u00e1s importante de la provincia.<\/p>\n","protected":false},"author":4,"featured_media":382698,"comment_status":"closed","ping_status":"closed","sticky":false,"template":"","format":"standard","meta":[],"categories":[105],"tags":[],"_links":{"self":[{"href":"http:\/\/www.noticiasdelparana.com.ar\/NuevaEdicion\/wp-json\/wp\/v2\/posts\/382705"}],"collection":[{"href":"http:\/\/www.noticiasdelparana.com.ar\/NuevaEdicion\/wp-json\/wp\/v2\/posts"}],"about":[{"href":"http:\/\/www.noticiasdelparana.com.ar\/NuevaEdicion\/wp-json\/wp\/v2\/types\/post"}],"author":[{"embeddable":true,"href":"http:\/\/www.noticiasdelparana.com.ar\/NuevaEdicion\/wp-json\/wp\/v2\/users\/4"}],"replies":[{"embeddable":true,"href":"http:\/\/www.noticiasdelparana.com.ar\/NuevaEdicion\/wp-json\/wp\/v2\/comments?post=382705"}],"version-history":[{"count":1,"href":"http:\/\/www.noticiasdelparana.com.ar\/NuevaEdicion\/wp-json\/wp\/v2\/posts\/382705\/revisions"}],"predecessor-version":[{"id":382706,"href":"http:\/\/www.noticiasdelparana.com.ar\/NuevaEdicion\/wp-json\/wp\/v2\/posts\/382705\/revisions\/382706"}],"wp:featuredmedia":[{"embeddable":true,"href":"http:\/\/www.noticiasdelparana.com.ar\/NuevaEdicion\/wp-json\/wp\/v2\/media\/382698"}],"wp:attachment":[{"href":"http:\/\/www.noticiasdelparana.com.ar\/NuevaEdicion\/wp-json\/wp\/v2\/media?parent=382705"}],"wp:term":[{"taxonomy":"category","embeddable":true,"href":"http:\/\/www.noticiasdelparana.com.ar\/NuevaEdicion\/wp-json\/wp\/v2\/categories?post=382705"},{"taxonomy":"post_tag","embeddable":true,"href":"http:\/\/www.noticiasdelparana.com.ar\/NuevaEdicion\/wp-json\/wp\/v2\/tags?post=382705"}],"curies":[{"name":"wp","href":"https:\/\/api.w.org\/{rel}","templated":true}]}}