{"id":382707,"date":"2026-09-03T13:08:04","date_gmt":"2026-09-03T16:08:04","guid":{"rendered":"http:\/\/www.noticiasdelparana.com.ar\/NuevaEdicion\/?p=382707"},"modified":"2026-09-03T13:08:09","modified_gmt":"2026-09-03T16:08:09","slug":"chaco-feria-cultiva-almacen-popular-cecualero-produccion-local-y-economia-solidaria","status":"publish","type":"post","link":"http:\/\/www.noticiasdelparana.com.ar\/NuevaEdicion\/2026\/09\/03\/chaco-feria-cultiva-almacen-popular-cecualero-produccion-local-y-economia-solidaria\/","title":{"rendered":"CHACO: Feria Cultiva + Almac\u00e9n Popular Cecualero: Producci\u00f3n Local Y Econom\u00eda Solidaria"},"content":{"rendered":"\n<p>La feria tendr\u00e1 lugar en el patio del Cecual (Santa Mar\u00eda de Oro 471) y ofrecer\u00e1 la posibilidad de comprar directamente a productores y emprendedores, conocer proyectos locales y compartir una ma\u00f1ana al aire libre en uno de los espacios culturales m\u00e1s activos de Resistencia.<\/p>\n\n\n\n<p>Durante la jornada tambi\u00e9n estar\u00e1 abierto Mayo Caf\u00e9, con sus propuestas gastron\u00f3micas para acompa\u00f1ar el recorrido por la feria y disfrutar del Patio Ambay.<\/p>\n\n\n\n<p>Cultiva: producci\u00f3n y encuentro<\/p>\n\n\n\n<p>Feria Cultiva naci\u00f3 en el Cecual con el objetivo de visibilizar y fortalecer las producciones locales, generando un espacio de circulaci\u00f3n y contacto directo entre quienes producen y quienes eligen consumir de manera cercana y responsable.<\/p>\n\n\n\n<p>Con el paso de los a\u00f1os, la feria construy\u00f3 una identidad propia dentro de la programaci\u00f3n del centro cultural. En cada edici\u00f3n re\u00fane una amplia variedad de propuestas: alimentos y productos artesanales, plantas, objetos, dise\u00f1o y otros proyectos independientes.<\/p>\n\n\n\n<p>Adem\u00e1s de ofrecer un espacio de comercializaci\u00f3n, Cultiva pone en valor el trabajo, los saberes y los procesos que existen detr\u00e1s de cada producto. La feria se convierte as\u00ed en una vidriera de la capacidad creativa y productiva de la comunidad.<\/p>\n\n\n\n<p>El Almac\u00e9n Popular Cecualero<\/p>\n\n\n\n<p>La jornada se articula con el Almac\u00e9n Popular Cecualero, iniciativa orientada a promover el comercio cultural justo y abrir nuevos canales de circulaci\u00f3n para las producciones locales.<\/p>\n\n\n\n<p>Cultiva y el Almac\u00e9n comparten una misma perspectiva: fortalecer las econom\u00edas cercanas, reconocer el valor del trabajo de productores y emprendedores y favorecer v\u00ednculos m\u00e1s directos con quienes consumen.<\/p>\n\n\n\n<p>De esta manera, la propuesta invita tambi\u00e9n a pensar el consumo como una elecci\u00f3n capaz de acompa\u00f1ar proyectos independientes, sostener oficios y contribuir a la continuidad de distintas formas de producci\u00f3n local.<\/p>\n\n\n\n<p>Una ma\u00f1ana en el patio<\/p>\n\n\n\n<p>Cultiva forma parte de una concepci\u00f3n del Cecual como casa abierta y espacio de encuentro, donde la cultura tambi\u00e9n se construye en los intercambios cotidianos, en el trabajo colectivo y en las formas de habitar el territorio.<\/p>\n\n\n\n<p>Este s\u00e1bado, la invitaci\u00f3n vuelve a ser simple: recorrer la feria, conocer a quienes producen, compra local, tomar un caf\u00e9 y disfrutar de una ma\u00f1ana en el Patio Ambay.<\/p>\n\n\n\n<p>Porque cultivar tambi\u00e9n es acompa\u00f1ar aquello que queremos que siga creciendo: la producci\u00f3n local, el trabajo autogestivo y los espacios donde la comunidad se encuentra.<\/p>\n","protected":false},"excerpt":{"rendered":"<p>03-Sept-26 Este s\u00e1bado 5 de septiembre, de 9 a 13, el Centro Cultural Alternativo realizar\u00e1 una nueva edici\u00f3n de la Feria Cultiva + Almac\u00e9n Popular Cecualero, una propuesta que re\u00fane alimentos, artesan\u00edas, dise\u00f1o, producciones autogestivas y distintos emprendimientos vinculados a la econom\u00eda social y solidaria.<\/p>\n","protected":false},"author":4,"featured_media":382699,"comment_status":"closed","ping_status":"closed","sticky":false,"template":"","format":"standard","meta":[],"categories":[105],"tags":[],"_links":{"self":[{"href":"http:\/\/www.noticiasdelparana.com.ar\/NuevaEdicion\/wp-json\/wp\/v2\/posts\/382707"}],"collection":[{"href":"http:\/\/www.noticiasdelparana.com.ar\/NuevaEdicion\/wp-json\/wp\/v2\/posts"}],"about":[{"href":"http:\/\/www.noticiasdelparana.com.ar\/NuevaEdicion\/wp-json\/wp\/v2\/types\/post"}],"author":[{"embeddable":true,"href":"http:\/\/www.noticiasdelparana.com.ar\/NuevaEdicion\/wp-json\/wp\/v2\/users\/4"}],"replies":[{"embeddable":true,"href":"http:\/\/www.noticiasdelparana.com.ar\/NuevaEdicion\/wp-json\/wp\/v2\/comments?post=382707"}],"version-history":[{"count":1,"href":"http:\/\/www.noticiasdelparana.com.ar\/NuevaEdicion\/wp-json\/wp\/v2\/posts\/382707\/revisions"}],"predecessor-version":[{"id":382708,"href":"http:\/\/www.noticiasdelparana.com.ar\/NuevaEdicion\/wp-json\/wp\/v2\/posts\/382707\/revisions\/382708"}],"wp:featuredmedia":[{"embeddable":true,"href":"http:\/\/www.noticiasdelparana.com.ar\/NuevaEdicion\/wp-json\/wp\/v2\/media\/382699"}],"wp:attachment":[{"href":"http:\/\/www.noticiasdelparana.com.ar\/NuevaEdicion\/wp-json\/wp\/v2\/media?parent=382707"}],"wp:term":[{"taxonomy":"category","embeddable":true,"href":"http:\/\/www.noticiasdelparana.com.ar\/NuevaEdicion\/wp-json\/wp\/v2\/categories?post=382707"},{"taxonomy":"post_tag","embeddable":true,"href":"http:\/\/www.noticiasdelparana.com.ar\/NuevaEdicion\/wp-json\/wp\/v2\/tags?post=382707"}],"curies":[{"name":"wp","href":"https:\/\/api.w.org\/{rel}","templated":true}]}}